{"id":974,"date":"2021-04-12T19:06:06","date_gmt":"2021-04-12T19:06:06","guid":{"rendered":"https:\/\/nancycrespo.com\/PRUEBAS\/?p=974"},"modified":"2021-08-19T03:13:29","modified_gmt":"2021-08-19T03:13:29","slug":"conceptos-y-criterios-base-del-ordenamiento-territorial-y-planificacion-urbana-frente-al-cambio-climatico-2","status":"publish","type":"post","link":"https:\/\/puceapex.puce.edu.ec\/web\/cev\/conceptos-y-criterios-base-del-ordenamiento-territorial-y-planificacion-urbana-frente-al-cambio-climatico-2\/","title":{"rendered":"Conceptos y criterios base del ordenamiento territorial y planificaci\u00f3n urbana  frente al cambio clim\u00e1tico"},"content":{"rendered":"<p>[et_pb_section fb_built=\u00bb1&#8243; _builder_version=\u00bb3.22&#8243; da_is_popup=\u00bboff\u00bb da_exit_intent=\u00bboff\u00bb da_has_close=\u00bbon\u00bb da_alt_close=\u00bboff\u00bb da_dark_close=\u00bboff\u00bb da_not_modal=\u00bbon\u00bb da_is_singular=\u00bboff\u00bb da_with_loader=\u00bboff\u00bb da_has_shadow=\u00bbon\u00bb da_disable_devices=\u00bboff|off|off\u00bb][et_pb_row _builder_version=\u00bb3.25&#8243; background_size=\u00bbinitial\u00bb background_position=\u00bbtop_left\u00bb background_repeat=\u00bbrepeat\u00bb][et_pb_column type=\u00bb4_4&#8243; _builder_version=\u00bb3.25&#8243; custom_padding=\u00bb|||\u00bb custom_padding__hover=\u00bb|||\u00bb][et_pb_text _builder_version=\u00bb4.9.10&#8243; background_size=\u00bbinitial\u00bb background_position=\u00bbtop_left\u00bb background_repeat=\u00bbrepeat\u00bb hover_enabled=\u00bb0&#8243; sticky_enabled=\u00bb0&#8243;]<\/p>\n<p><!-- divi:paragraph --><strong>Maestr\u00eda en Urbanismo<\/strong><\/p>\n<p><!-- \/divi:paragraph --><\/p>\n<p><!-- divi:paragraph --><strong>Materia:<\/strong> Desarrollo Urbano Sostenible<\/p>\n<p><!-- \/divi:paragraph --><\/p>\n<p><!-- \/divi:paragraph --><\/p>\n<p><!-- divi:paragraph --><strong>Palabras Clave:<\/strong> <!-- divi:paragraph -->Conceptos y criterios\u00a0base del ordenamiento territorial, planificaci\u00f3n urbana\u00a0\u00a0frente al cambio clim\u00e1tico, Agendas Urbanas, \u00a0ciudades para un mundo sustentable, H\u00e1bitat<\/p>\n<p><!-- \/divi:paragraph --><\/p>\n<p><!-- \/divi:paragraph --><\/p>\n<p><!-- divi:paragraph --><strong>Descripci\u00f3n:<\/strong><\/p>\n<p><!-- \/divi:paragraph --><\/p>\n<p><!-- divi:list {\"ordered\":true} --><\/p>\n<ol>\n<li>Introducci\u00f3n a la historia y contexto de iniciativas y agendas urbanas internacionales\n<ol>\n<li>La joven historia de pol\u00edticas urbanas internacionales<\/li>\n<li>Foro Debate: \u00bfC\u00f3mo se reflejan desaf\u00edos de las sociedades mundiales en la problem\u00e1tica urbana?<\/li>\n<\/ol>\n<\/li>\n<\/ol>\n<p><!-- \/divi:paragraph --><\/p>\n<ul><\/ul>\n<p><!-- \/divi:list --><\/p>\n<p>[\/et_pb_text][\/et_pb_column][\/et_pb_row][et_pb_row _builder_version=\u00bb4.9.10&#8243; _module_preset=\u00bbdefault\u00bb][et_pb_column _builder_version=\u00bb4.9.10&#8243; _module_preset=\u00bbdefault\u00bb type=\u00bb4_4&#8243;][et_pb_code _builder_version=\u00bb4.9.10&#8243; _module_preset=\u00bbdefault\u00bb hover_enabled=\u00bb0&#8243; sticky_enabled=\u00bb0&#8243;]<code><\/p>\n<div style=\"width: 100%;\">\n<div style=\"position: relative; padding-bottom: 56.25%; padding-top: 0; height: 0;\"><iframe loading=\"lazy\" frameborder=\"0\" width=\"1200px\" height=\"675px\" style=\"position: absolute; top: 0; left: 0; width: 100%; height: 100%;\" src=\"https:\/\/view.genial.ly\/5fbd1b356436860dac426e35\" type=\"text\/html\" allowscriptaccess=\"always\" allowfullscreen=\"true\" scrolling=\"yes\" allownetworking=\"all\"><\/iframe> <\/div>\n<\/p><\/div>\n<p><\/code>[\/et_pb_code][\/et_pb_column][\/et_pb_row][et_pb_row _builder_version=\u00bb4.9.10&#8243; _module_preset=\u00bbdefault\u00bb][et_pb_column _builder_version=\u00bb4.9.10&#8243; _module_preset=\u00bbdefault\u00bb type=\u00bb4_4&#8243;][et_pb_text _builder_version=\u00bb4.9.10&#8243; _module_preset=\u00bbdefault\u00bb hover_enabled=\u00bb0&#8243; sticky_enabled=\u00bb0&#8243;]iFrame:<\/p>\n<pre class=\"brush: php; title: ; notranslate\" title=\"\">&lt;div style=&quot;width: 100%;&quot;&gt;&lt;div style=&quot;position: relative; padding-bottom: 56.25%; padding-top: 0; height: 0;&quot;&gt;&lt;iframe frameborder=&quot;0&quot; width=&quot;1200px&quot; height=&quot;675px&quot; style=&quot;position: absolute; top: 0; left: 0; width: 100%; height: 100%;&quot; src=&quot;https:\/\/view.genial.ly\/5fbd1b356436860dac426e35&quot; type=&quot;text\/html&quot; allowscriptaccess=&quot;always&quot; allowfullscreen=&quot;true&quot; scrolling=&quot;yes&quot; allownetworking=&quot;all&quot;&gt;&lt;\/iframe&gt; &lt;\/div&gt; &lt;\/div&gt;<\/pre>\n<p>[\/et_pb_text][\/et_pb_column][\/et_pb_row][et_pb_row _builder_version=\u00bb4.9.10&#8243; _module_preset=\u00bbdefault\u00bb][et_pb_column _builder_version=\u00bb4.9.10&#8243; _module_preset=\u00bbdefault\u00bb type=\u00bb4_4&#8243;][et_pb_text _builder_version=\u00bb4.9.10&#8243; _module_preset=\u00bbdefault\u00bb hover_enabled=\u00bb0&#8243; sticky_enabled=\u00bb0&#8243;]<\/p>\n<p><strong>Referencia:<\/strong><\/p>\n<p>ONU Habitat, (2009). Planning Sustainable Cities, Global Report on Human Settlement, Earthscan, London. Recuperado de: https:\/\/issuu.com\/unric\/docs\/planning_sustainable_cities<\/p>\n<p>[\/et_pb_text][\/et_pb_column][\/et_pb_row][\/et_pb_section]<\/p>\n","protected":false},"excerpt":{"rendered":"<p>Introducci\u00f3n a la historia y contexto de iniciativas y agendas urbanas internacionales<br \/>\nLa joven historia de pol\u00edticas urbanas internacionales<br \/>\nForo Debate: \u00bfC\u00f3mo se reflejan desaf\u00edos de las sociedades mundiales en la problem\u00e1tica urbana?<\/p>\n","protected":false},"author":13,"featured_media":4993,"comment_status":"open","ping_status":"open","sticky":false,"template":"","format":"standard","meta":{"_et_pb_use_builder":"on","_et_pb_old_content":"<!-- wp:paragraph -->\n<p>\u00c1rea de Identificaci\u00f3n:<\/p>\n<!-- \/wp:paragraph -->\n\n<!-- wp:paragraph -->\n<p>Maestr\u00eda en Urbanismo<\/p>\n<!-- \/wp:paragraph -->\n\n<!-- wp:paragraph -->\n<p>Materia: Desarrollo Urbano Sostenible <\/p>\n<!-- \/wp:paragraph -->\n\n<!-- wp:paragraph -->\n<p>\u00c1rea de Contenido:<\/p>\n<!-- \/wp:paragraph -->\n\n<!-- wp:paragraph -->\n<p>Palabras Clave:<\/p>\n<!-- \/wp:paragraph -->\n\n<!-- wp:paragraph -->\n<p>Conceptos y criterios&nbsp;base del ordenamiento territorial, planificaci\u00f3n urbana&nbsp;&nbsp;frente al cambio clim\u00e1tico, Agendas Urbanas, &nbsp;ciudades para un mundo sustentable, H\u00e1bitat<\/p>\n<!-- \/wp:paragraph -->\n\n<!-- wp:paragraph -->\n<p>Descripci\u00f3n:<\/p>\n<!-- \/wp:paragraph -->\n\n<!-- wp:list {\"ordered\":true} -->\n<ol><li>Introducci\u00f3n a la historia y contexto de iniciativas y agendas urbanas internacionales<ol><li>La joven historia de pol\u00edticas urbanas internacionales<\/li><li>Foro Debate: \u00bfC\u00f3mo se reflejan desaf\u00edos de las sociedades mundiales en la problem\u00e1tica urbana?<\/li><\/ol><\/li><\/ol>\n<!-- \/wp:list -->\n\n<!-- wp:paragraph -->\n<p>Enlace Eframe:<\/p>\n<!-- \/wp:paragraph -->\n\n<!-- wp:embed {\"url\":\"https:\/\/view.genial.ly\/5fbd1b356436860dac426e35\",\"type\":\"wp-embed\",\"providerNameSlug\":\"genially\",\"className\":\"\"} -->\n<figure class=\"wp-block-embed is-type-wp-embed is-provider-genially wp-block-embed-genially\"><div class=\"wp-block-embed__wrapper\">\nhttps:\/\/view.genial.ly\/5fbd1b356436860dac426e35\n<\/div><\/figure>\n<!-- \/wp:embed -->\n\n<!-- wp:paragraph -->\n<p>\u00c1rea de menci\u00f3n de responsabilidad <\/p>\n<!-- \/wp:paragraph -->\n\n<!-- wp:paragraph -->\n<p>Referencia:<\/p>\n<!-- \/wp:paragraph -->\n\n<!-- wp:list -->\n<ul><li>ONU Habitat, (2009). Planning Sustainable Cities, Global Report on Human Settlement, Earthscan, London. Recuperado de: https:\/\/issuu.com\/unric\/docs\/planning_sustainable_cities<\/li><\/ul>\n<!-- \/wp:list -->","_et_gb_content_width":"","inline_featured_image":false,"footnotes":""},"categories":[2156,387],"tags":[1696,1697,1698,1651,1699],"_links":{"self":[{"href":"https:\/\/puceapex.puce.edu.ec\/web\/cev\/wp-json\/wp\/v2\/posts\/974"}],"collection":[{"href":"https:\/\/puceapex.puce.edu.ec\/web\/cev\/wp-json\/wp\/v2\/posts"}],"about":[{"href":"https:\/\/puceapex.puce.edu.ec\/web\/cev\/wp-json\/wp\/v2\/types\/post"}],"author":[{"embeddable":true,"href":"https:\/\/puceapex.puce.edu.ec\/web\/cev\/wp-json\/wp\/v2\/users\/13"}],"replies":[{"embeddable":true,"href":"https:\/\/puceapex.puce.edu.ec\/web\/cev\/wp-json\/wp\/v2\/comments?post=974"}],"version-history":[{"count":2,"href":"https:\/\/puceapex.puce.edu.ec\/web\/cev\/wp-json\/wp\/v2\/posts\/974\/revisions"}],"predecessor-version":[{"id":7743,"href":"https:\/\/puceapex.puce.edu.ec\/web\/cev\/wp-json\/wp\/v2\/posts\/974\/revisions\/7743"}],"wp:featuredmedia":[{"embeddable":true,"href":"https:\/\/puceapex.puce.edu.ec\/web\/cev\/wp-json\/wp\/v2\/media\/4993"}],"wp:attachment":[{"href":"https:\/\/puceapex.puce.edu.ec\/web\/cev\/wp-json\/wp\/v2\/media?parent=974"}],"wp:term":[{"taxonomy":"category","embeddable":true,"href":"https:\/\/puceapex.puce.edu.ec\/web\/cev\/wp-json\/wp\/v2\/categories?post=974"},{"taxonomy":"post_tag","embeddable":true,"href":"https:\/\/puceapex.puce.edu.ec\/web\/cev\/wp-json\/wp\/v2\/tags?post=974"}],"curies":[{"name":"wp","href":"https:\/\/api.w.org\/{rel}","templated":true}]}}