{"id":9507,"date":"2021-09-20T01:25:16","date_gmt":"2021-09-20T01:25:16","guid":{"rendered":"https:\/\/puceapex.puce.edu.ec\/web\/cev\/?p=9507"},"modified":"2021-09-20T01:29:58","modified_gmt":"2021-09-20T01:29:58","slug":"la-diversidad-de-los-sujetos-de-la-educacion-la-inclusion-y-el-empoderamiento-y-los-modelos-de-gestion-convivencia-y-didactica","status":"publish","type":"post","link":"https:\/\/puceapex.puce.edu.ec\/web\/cev\/la-diversidad-de-los-sujetos-de-la-educacion-la-inclusion-y-el-empoderamiento-y-los-modelos-de-gestion-convivencia-y-didactica\/","title":{"rendered":"La Diversidad de los Sujetos de la Educaci\u00f3n, la Inclusi\u00f3n y el Empoderamiento y los Modelos de Gesti\u00f3n, Convivencia y Did\u00e1ctica"},"content":{"rendered":"<p>[et_pb_section fb_built=\u00bb1&#8243; admin_label=\u00bbsection\u00bb _builder_version=\u00bb3.22&#8243; da_disable_devices=\u00bboff|off|off\u00bb da_is_popup=\u00bboff\u00bb da_exit_intent=\u00bboff\u00bb da_has_close=\u00bbon\u00bb da_alt_close=\u00bboff\u00bb da_dark_close=\u00bboff\u00bb da_not_modal=\u00bbon\u00bb da_is_singular=\u00bboff\u00bb da_with_loader=\u00bboff\u00bb da_has_shadow=\u00bbon\u00bb][et_pb_row admin_label=\u00bbrow\u00bb _builder_version=\u00bb3.25&#8243; background_size=\u00bbinitial\u00bb background_position=\u00bbtop_left\u00bb background_repeat=\u00bbrepeat\u00bb][et_pb_column type=\u00bb4_4&#8243; _builder_version=\u00bb3.25&#8243; custom_padding=\u00bb|||\u00bb custom_padding__hover=\u00bb|||\u00bb][et_pb_code _builder_version=\u00bb4.9.10&#8243; _module_preset=\u00bbdefault\u00bb]<code><\/p>\n<div style=\"width: 100%;\">\n<div style=\"position: relative; padding-bottom: 56.25%; padding-top: 0; height: 0;\"><iframe loading=\"lazy\" frameborder=\"0\" width=\"1600\" height=\"900\" style=\"position: absolute; top: 0; left: 0; width: 100%; height: 100%;\" src=\"https:\/\/view.genial.ly\/5fa33ab1d53aab0d1c6645af\" type=\"text\/html\" allowscriptaccess=\"always\" allowfullscreen=\"true\" scrolling=\"yes\" allownetworking=\"all\"><\/iframe> <\/div>\n<\/p><\/div>\n<p><\/code>[\/et_pb_code][\/et_pb_column][\/et_pb_row][et_pb_row _builder_version=\u00bb4.9.10&#8243; _module_preset=\u00bbdefault\u00bb min_height=\u00bb182px\u00bb][et_pb_column type=\u00bb4_4&#8243; _builder_version=\u00bb4.9.10&#8243; _module_preset=\u00bbdefault\u00bb][et_pb_text admin_label=\u00bbText\u00bb _builder_version=\u00bb4.9.10&#8243; background_size=\u00bbinitial\u00bb background_position=\u00bbtop_left\u00bb background_repeat=\u00bbrepeat\u00bb custom_padding=\u00bb||16px|||\u00bb]<\/p>\n<p><b>Facultad:<\/b> <span>Ciencias de la Educaci\u00f3n<\/span><br \/><b>Maestr\u00eda:<\/b> <span>Maestr\u00eda en Pedagog\u00edas Socio cr\u00edticas<\/span><br \/><b>Materia: <\/b>Metodolog\u00eda de la Investigaci\u00f3n<\/p>\n<p><strong>La Diversidad de los Sujetos de la Educaci\u00f3n, la Inclusi\u00f3n y el Empoderamiento y los Modelos de Gesti\u00f3n, Convivencia y Did\u00e1ctica<\/strong><\/p>\n<p><span>Seg\u00fan la UNESCO la inclusi\u00f3n es el proceso de abordar y responder a la diversidad de necesidades de todos los alumnos a trav\u00e9s de pr\u00e1cticas inclusivas en el aprendizaje, las culturas y las comunidades y reducir la exclusi\u00f3n dentro de la educaci\u00f3n. Implica cambios y modificaciones en el contenido, los enfoques, las estructuras y las estrategias, con una visi\u00f3n com\u00fan que cubra a todos los ni\u00f1os del rango apropiado de edad y una convicci\u00f3n de que es responsabilidad del sistema ordinario educar a todos los ni\u00f1os.<\/span><\/p>\n<p><span>Documento de Lectura (OBLIGATORIO)<\/span><\/p>\n<p><span>Red Latinoamericana de Organizaciones de la Sociedad Civil por la Educaci\u00f3n (REDUCA). (2017), Hacia la inclusi\u00f3n educativa en Am\u00e9rica Latina. Una aproximaci\u00f3n a 14 buenas pr\u00e1cticas en la regi\u00f3n. Disponible en:<\/span><\/p>\n<p><a href=\"https:\/\/www.reduca-al.net\/files\/observatorio\/reportes\/Inclusion_Educativa_D.pdf\"><span>https:\/\/www.reduca-al.net\/files\/observatorio\/reportes\/Inclusion_Educativa_D.pdf<\/span><\/a><\/p>\n<p><span>Recuperado: 02 de julio de 2020<\/span><\/p>\n<p>[\/et_pb_text][et_pb_text _builder_version=\u00bb4.9.10&#8243; _module_preset=\u00bbdefault\u00bb hover_enabled=\u00bb0&#8243; sticky_enabled=\u00bb0&#8243;]<strong>C\u00f3digo iFrame<\/strong><\/p>\n<pre class=\"brush: php; title: ; notranslate\" title=\"\">\n&lt;div style=&quot;width: 100%;&quot;&gt;&lt;div style=&quot;position: relative; padding-bottom: 56.25%; padding-top: 0; height: 0;&quot;&gt;&lt;iframe frameborder=&quot;0&quot; width=&quot;1600&quot; height=&quot;900&quot; style=&quot;position: absolute; top: 0; left: 0; width: 100%; height: 100%;&quot; src=&quot;https:\/\/view.genial.ly\/5fa33ab1d53aab0d1c6645af&quot; type=&quot;text\/html&quot; allowscriptaccess=&quot;always&quot; allowfullscreen=&quot;true&quot; scrolling=&quot;yes&quot; allownetworking=&quot;all&quot;&gt;&lt;\/iframe&gt; &lt;\/div&gt; &lt;\/div&gt;\n<\/pre>\n<p>[\/et_pb_text][\/et_pb_column][\/et_pb_row][\/et_pb_section]<\/p>\n","protected":false},"excerpt":{"rendered":"<p>Facultad: Ciencias de la Educaci\u00f3nMaestr\u00eda: Maestr\u00eda en Pedagog\u00edas Socio cr\u00edticasMateria: Metodolog\u00eda de la Investigaci\u00f3n La Diversidad de los Sujetos de la Educaci\u00f3n, la Inclusi\u00f3n y el Empoderamiento y los Modelos de Gesti\u00f3n, Convivencia y Did\u00e1ctica Seg\u00fan la UNESCO la inclusi\u00f3n es el proceso de abordar y responder a la diversidad de necesidades de todos los [&hellip;]<\/p>\n","protected":false},"author":13,"featured_media":9512,"comment_status":"closed","ping_status":"closed","sticky":false,"template":"","format":"standard","meta":{"_et_pb_use_builder":"on","_et_pb_old_content":"","_et_gb_content_width":"","inline_featured_image":false,"footnotes":""},"categories":[2158,387],"tags":[2429,2430,2424,2427,2426,887,2428,2417,2425],"_links":{"self":[{"href":"https:\/\/puceapex.puce.edu.ec\/web\/cev\/wp-json\/wp\/v2\/posts\/9507"}],"collection":[{"href":"https:\/\/puceapex.puce.edu.ec\/web\/cev\/wp-json\/wp\/v2\/posts"}],"about":[{"href":"https:\/\/puceapex.puce.edu.ec\/web\/cev\/wp-json\/wp\/v2\/types\/post"}],"author":[{"embeddable":true,"href":"https:\/\/puceapex.puce.edu.ec\/web\/cev\/wp-json\/wp\/v2\/users\/13"}],"replies":[{"embeddable":true,"href":"https:\/\/puceapex.puce.edu.ec\/web\/cev\/wp-json\/wp\/v2\/comments?post=9507"}],"version-history":[{"count":6,"href":"https:\/\/puceapex.puce.edu.ec\/web\/cev\/wp-json\/wp\/v2\/posts\/9507\/revisions"}],"predecessor-version":[{"id":9515,"href":"https:\/\/puceapex.puce.edu.ec\/web\/cev\/wp-json\/wp\/v2\/posts\/9507\/revisions\/9515"}],"wp:featuredmedia":[{"embeddable":true,"href":"https:\/\/puceapex.puce.edu.ec\/web\/cev\/wp-json\/wp\/v2\/media\/9512"}],"wp:attachment":[{"href":"https:\/\/puceapex.puce.edu.ec\/web\/cev\/wp-json\/wp\/v2\/media?parent=9507"}],"wp:term":[{"taxonomy":"category","embeddable":true,"href":"https:\/\/puceapex.puce.edu.ec\/web\/cev\/wp-json\/wp\/v2\/categories?post=9507"},{"taxonomy":"post_tag","embeddable":true,"href":"https:\/\/puceapex.puce.edu.ec\/web\/cev\/wp-json\/wp\/v2\/tags?post=9507"}],"curies":[{"name":"wp","href":"https:\/\/api.w.org\/{rel}","templated":true}]}}