{"id":8400,"date":"2021-08-30T04:05:20","date_gmt":"2021-08-30T04:05:20","guid":{"rendered":"https:\/\/puceapex.puce.edu.ec\/web\/cev\/?p=8400"},"modified":"2021-08-30T04:10:54","modified_gmt":"2021-08-30T04:10:54","slug":"contenido-verbal-la-memoria-episodica","status":"publish","type":"post","link":"https:\/\/puceapex.puce.edu.ec\/web\/cev\/contenido-verbal-la-memoria-episodica\/","title":{"rendered":"Contenido Verbal: La Memoria Epis\u00f3dica"},"content":{"rendered":"<p>[et_pb_section fb_built=\u00bb1&#8243; admin_label=\u00bbsection\u00bb _builder_version=\u00bb3.22&#8243; da_disable_devices=\u00bboff|off|off\u00bb da_is_popup=\u00bboff\u00bb da_exit_intent=\u00bboff\u00bb da_has_close=\u00bbon\u00bb da_alt_close=\u00bboff\u00bb da_dark_close=\u00bboff\u00bb da_not_modal=\u00bbon\u00bb da_is_singular=\u00bboff\u00bb da_with_loader=\u00bboff\u00bb da_has_shadow=\u00bbon\u00bb][et_pb_row admin_label=\u00bbrow\u00bb _builder_version=\u00bb3.25&#8243; background_size=\u00bbinitial\u00bb background_position=\u00bbtop_left\u00bb background_repeat=\u00bbrepeat\u00bb][et_pb_column type=\u00bb4_4&#8243; _builder_version=\u00bb3.25&#8243; custom_padding=\u00bb|||\u00bb custom_padding__hover=\u00bb|||\u00bb][et_pb_code _builder_version=\u00bb4.9.10&#8243; _module_preset=\u00bbdefault\u00bb]<code><\/p>\n<div style=\"width: 100%;\">\n<div style=\"position: relative; padding-bottom: 56.25%; padding-top: 0; height: 0;\"><iframe loading=\"lazy\" frameborder=\"0\" width=\"1200\" height=\"675\" style=\"position: absolute; top: 0; left: 0; width: 100%; height: 100%;\" src=\"https:\/\/view.genial.ly\/5fc6eb405906430cf8afd2e0\" type=\"text\/html\" allowscriptaccess=\"always\" allowfullscreen=\"true\" scrolling=\"yes\" allownetworking=\"all\"><\/iframe> <\/div>\n<\/p><\/div>\n<p><\/code>[\/et_pb_code][\/et_pb_column][\/et_pb_row][et_pb_row _builder_version=\u00bb4.9.10&#8243; _module_preset=\u00bbdefault\u00bb min_height=\u00bb182px\u00bb][et_pb_column type=\u00bb4_4&#8243; _builder_version=\u00bb4.9.10&#8243; _module_preset=\u00bbdefault\u00bb][et_pb_text admin_label=\u00bbText\u00bb _builder_version=\u00bb4.9.10&#8243; background_size=\u00bbinitial\u00bb background_position=\u00bbtop_left\u00bb background_repeat=\u00bbrepeat\u00bb]<\/p>\n<p><b>Facultad:<\/b> Psicolog\u00eda<br \/><b>Maestr\u00eda:<\/b> <span>Psicolog\u00eda Forense y Peritaje Psicol\u00f3gico<\/span><br \/><b>Materia: <\/b>Evaluaci\u00f3n Psicol\u00f3gica a ni\u00f1os y <span>adolescentes v\u00edctimas de agresiones sexuales<\/span><\/p>\n<p><strong>Contenido Verbal: La Memoria Epis\u00f3dica<\/strong><\/p>\n<ul>\n<li>Respecto a la credibilidad, podemos definirla como la valoraci\u00f3n subjetiva de la exactitud estimada de las declaraciones de un testigo (Manzanero y Diges, 1993).\u200b<\/li>\n<li>Esta valoraci\u00f3n se basa en inferencias que consideran diferentes aspectos como las circunstancias y caracter\u00edsticas del testigo y del delito, nuestros conocimientos y creencias, y la congruencia estimada entre las declaraciones y otros elementos de prueba -otras declaraciones o indicios relacionados- (para una revisi\u00f3n ver Manzanero, 2010).\u200b<\/li>\n<li>\u00a0Dado que la valoraci\u00f3n de credibilidad siempre ser\u00e1 una inferencia, una estimaci\u00f3n, nunca dejar\u00e1 de ser subjetiva. S\u00f3lo comparando las declaraciones con una grabaci\u00f3n en v\u00eddeo de los sucesos podemos valorar objetivamente la realidad de \u00e9stas \u00faltimas. Pero entonces no hablar\u00edamos de credibilidad, sino de exactitud. En definitiva, cuando hablamos de mentira nos referimos a la intencionalidad del declarante. La credibilidad abarca no s\u00f3lo la mentira, sino tambi\u00e9n la falta de exactitud generada por otras fuentes diferentes, como la distorsi\u00f3n de la memoria.<\/li>\n<\/ul>\n<p>[\/et_pb_text][et_pb_text _builder_version=\u00bb4.9.10&#8243; _module_preset=\u00bbdefault\u00bb hover_enabled=\u00bb0&#8243; sticky_enabled=\u00bb0&#8243;]<strong>C\u00f3digo iFrame<\/strong><\/p>\n<pre class=\"brush: php; title: ; notranslate\" title=\"\">\n&lt;div style=&quot;width: 100%;&quot;&gt;&lt;div style=&quot;position: relative; padding-bottom: 56.25%; padding-top: 0; height: 0;&quot;&gt;&lt;iframe frameborder=&quot;0&quot; width=&quot;1200&quot; height=&quot;675&quot; style=&quot;position: absolute; top: 0; left: 0; width: 100%; height: 100%;&quot; src=&quot;https:\/\/view.genial.ly\/5fc6eb405906430cf8afd2e0&quot; type=&quot;text\/html&quot; allowscriptaccess=&quot;always&quot; allowfullscreen=&quot;true&quot; scrolling=&quot;yes&quot; allownetworking=&quot;all&quot;&gt;&lt;\/iframe&gt; &lt;\/div&gt; &lt;\/div&gt;\n<\/pre>\n<p>[\/et_pb_text][\/et_pb_column][\/et_pb_row][\/et_pb_section]<\/p>\n","protected":false},"excerpt":{"rendered":"<p>Facultad: Psicolog\u00edaMaestr\u00eda: Psicolog\u00eda Forense y Peritaje Psicol\u00f3gicoMateria: Evaluaci\u00f3n Psicol\u00f3gica a ni\u00f1os y adolescentes v\u00edctimas de agresiones sexuales Contenido Verbal: La Memoria Epis\u00f3dica Respecto a la credibilidad, podemos definirla como la valoraci\u00f3n subjetiva de la exactitud estimada de las declaraciones de un testigo (Manzanero y Diges, 1993).\u200b Esta valoraci\u00f3n se basa en inferencias que consideran diferentes [&hellip;]<\/p>\n","protected":false},"author":13,"featured_media":8404,"comment_status":"closed","ping_status":"closed","sticky":false,"template":"","format":"standard","meta":{"_et_pb_use_builder":"on","_et_pb_old_content":"","_et_gb_content_width":"","inline_featured_image":false,"footnotes":""},"categories":[387,2168],"tags":[2284,2296,2294,2274,2275,2290,2266,2297,2298],"_links":{"self":[{"href":"https:\/\/puceapex.puce.edu.ec\/web\/cev\/wp-json\/wp\/v2\/posts\/8400"}],"collection":[{"href":"https:\/\/puceapex.puce.edu.ec\/web\/cev\/wp-json\/wp\/v2\/posts"}],"about":[{"href":"https:\/\/puceapex.puce.edu.ec\/web\/cev\/wp-json\/wp\/v2\/types\/post"}],"author":[{"embeddable":true,"href":"https:\/\/puceapex.puce.edu.ec\/web\/cev\/wp-json\/wp\/v2\/users\/13"}],"replies":[{"embeddable":true,"href":"https:\/\/puceapex.puce.edu.ec\/web\/cev\/wp-json\/wp\/v2\/comments?post=8400"}],"version-history":[{"count":6,"href":"https:\/\/puceapex.puce.edu.ec\/web\/cev\/wp-json\/wp\/v2\/posts\/8400\/revisions"}],"predecessor-version":[{"id":8407,"href":"https:\/\/puceapex.puce.edu.ec\/web\/cev\/wp-json\/wp\/v2\/posts\/8400\/revisions\/8407"}],"wp:featuredmedia":[{"embeddable":true,"href":"https:\/\/puceapex.puce.edu.ec\/web\/cev\/wp-json\/wp\/v2\/media\/8404"}],"wp:attachment":[{"href":"https:\/\/puceapex.puce.edu.ec\/web\/cev\/wp-json\/wp\/v2\/media?parent=8400"}],"wp:term":[{"taxonomy":"category","embeddable":true,"href":"https:\/\/puceapex.puce.edu.ec\/web\/cev\/wp-json\/wp\/v2\/categories?post=8400"},{"taxonomy":"post_tag","embeddable":true,"href":"https:\/\/puceapex.puce.edu.ec\/web\/cev\/wp-json\/wp\/v2\/tags?post=8400"}],"curies":[{"name":"wp","href":"https:\/\/api.w.org\/{rel}","templated":true}]}}