{"id":8237,"date":"2021-08-29T22:13:16","date_gmt":"2021-08-29T22:13:16","guid":{"rendered":"https:\/\/puceapex.puce.edu.ec\/web\/cev\/?p=8237"},"modified":"2021-08-29T22:26:53","modified_gmt":"2021-08-29T22:26:53","slug":"tipologia-de-los-principales-delitos-cometidos-contra-ninos-ninas-y-adolescentes-y-su-relacion-con-el-contexto-penal-ecuatoriano","status":"publish","type":"post","link":"https:\/\/puceapex.puce.edu.ec\/web\/cev\/tipologia-de-los-principales-delitos-cometidos-contra-ninos-ninas-y-adolescentes-y-su-relacion-con-el-contexto-penal-ecuatoriano\/","title":{"rendered":"Tipolog\u00eda de los Principales Delitos Cometidos Contra Ni\u00f1os, Ni\u00f1as y Adolescentes y su relaci\u00f3n con el Contexto Penal Ecuatoriano"},"content":{"rendered":"\n[et_pb_section fb_built=\u00bb1&#8243; admin_label=\u00bbsection\u00bb _builder_version=\u00bb3.22&#8243; da_disable_devices=\u00bboff|off|off\u00bb da_is_popup=\u00bboff\u00bb da_exit_intent=\u00bboff\u00bb da_has_close=\u00bbon\u00bb da_alt_close=\u00bboff\u00bb da_dark_close=\u00bboff\u00bb da_not_modal=\u00bbon\u00bb da_is_singular=\u00bboff\u00bb da_with_loader=\u00bboff\u00bb da_has_shadow=\u00bbon\u00bb][et_pb_row admin_label=\u00bbrow\u00bb _builder_version=\u00bb3.25&#8243; background_size=\u00bbinitial\u00bb background_position=\u00bbtop_left\u00bb background_repeat=\u00bbrepeat\u00bb][et_pb_column type=\u00bb4_4&#8243; _builder_version=\u00bb3.25&#8243; custom_padding=\u00bb|||\u00bb custom_padding__hover=\u00bb|||\u00bb][et_pb_code _builder_version=\u00bb4.9.10&#8243; _module_preset=\u00bbdefault\u00bb hover_enabled=\u00bb0&#8243; sticky_enabled=\u00bb0&#8243;]<code><div style=\"width: 100%;\"><div style=\"position: relative; padding-bottom: 56.25%; padding-top: 0; height: 0;\"><iframe loading=\"lazy\" frameborder=\"0\" width=\"1200\" height=\"675\" style=\"position: absolute; top: 0; left: 0; width: 100%; height: 100%;\" src=\"https:\/\/view.genial.ly\/5fc6eb2673b2b50d0a9cf72b\" type=\"text\/html\" allowscriptaccess=\"always\" allowfullscreen=\"true\" scrolling=\"yes\" allownetworking=\"all\"><\/iframe> <\/div> <\/div><\/code>[\/et_pb_code][\/et_pb_column][\/et_pb_row][et_pb_row _builder_version=\u00bb4.9.10&#8243; _module_preset=\u00bbdefault\u00bb min_height=\u00bb182px\u00bb][et_pb_column type=\u00bb4_4&#8243; _builder_version=\u00bb4.9.10&#8243; _module_preset=\u00bbdefault\u00bb][et_pb_text admin_label=\u00bbText\u00bb _builder_version=\u00bb4.9.10&#8243; background_size=\u00bbinitial\u00bb background_position=\u00bbtop_left\u00bb background_repeat=\u00bbrepeat\u00bb]<p><b>Facultad:<\/b> Psicolog\u00eda<br \/><b>Maestr\u00eda:<\/b> <span>Psicolog\u00eda Forense y Peritaje Psicol\u00f3gico<\/span><br \/><b>Materia: <\/b>Evaluaci\u00f3n Psicol\u00f3gica a ni\u00f1os y <span>adolescentes v\u00edctimas de agresiones sexuales<\/span><\/p>\n<p><strong>Tipolog\u00eda de los Principales Delitos Cometidos Contra Ni\u00f1os, Ni\u00f1as y Adolescentes y su relaci\u00f3n con el Contexto Penal Ecuatoriano<\/strong><\/p>\n<p><strong>\u00bfQu\u00e9 es Violencia?<\/strong><\/p>\n<p><span style=\"font-size: 14px;\">La violencia contra ni\u00f1as, ni\u00f1os y adolescentes es una vulneraci\u00f3n a los derechos humanos fundamentales. La violencia contra ni\u00f1as, ni\u00f1os y adolescentes es un fen\u00f3meno latente y de alarmantes dimensiones en la regi\u00f3n y el pa\u00eds. Pese a ello, tiene un limitado registro debido a su naturalizaci\u00f3n, escasa informaci\u00f3n que d\u00e9 cuenta de su magnitud y poca consciencia sobre las consecuencias del mismo. (Katsberg, 2007)\u200b<\/span><\/p>\n<p><span style=\"font-size: 14px;\">Enfrentar la violencia requiere del reconocimiento de \u00e9sta como un fen\u00f3meno complejo y multicausal, determinado por factores biol\u00f3gicos, sociales, culturales, econ\u00f3micos y pol\u00edticos; es decir, como un fen\u00f3meno que se da en un entorno y en un contexto hist\u00f3rico. (Organizaci\u00f3n Mundial de la Salud &#8211; OMS, 2002). <\/span><span style=\"font-size: 14px;\">\u200b<\/span><\/p>[\/et_pb_text][et_pb_text _builder_version=\u00bb4.9.10&#8243; _module_preset=\u00bbdefault\u00bb hover_enabled=\u00bb0&#8243; sticky_enabled=\u00bb0&#8243;]<strong>C\u00f3digo iFrame<\/strong>\n\n<pre class=\"brush: php; title: ; notranslate\" title=\"\">\n&lt;div style=&quot;width: 100%;&quot;&gt;&lt;div style=&quot;position: relative; padding-bottom: 56.25%; padding-top: 0; height: 0;&quot;&gt;&lt;iframe frameborder=&quot;0&quot; width=&quot;1200&quot; height=&quot;675&quot; style=&quot;position: absolute; top: 0; left: 0; width: 100%; height: 100%;&quot; src=&quot;https:\/\/view.genial.ly\/5fc6eb2673b2b50d0a9cf72b&quot; type=&quot;text\/html&quot; allowscriptaccess=&quot;always&quot; allowfullscreen=&quot;true&quot; scrolling=&quot;yes&quot; allownetworking=&quot;all&quot;&gt;&lt;\/iframe&gt; &lt;\/div&gt; &lt;\/div&gt;\n<\/pre>[\/et_pb_text][\/et_pb_column][\/et_pb_row][\/et_pb_section]\n","protected":false},"excerpt":{"rendered":"<p>Facultad: Psicolog\u00edaMaestr\u00eda: Psicolog\u00eda Forense y Peritaje Psicol\u00f3gicoMateria: Evaluaci\u00f3n Psicol\u00f3gica a ni\u00f1os y adolescentes v\u00edctimas de agresiones sexuales Tipolog\u00eda de los Principales Delitos Cometidos Contra Ni\u00f1os, Ni\u00f1as y Adolescentes y su relaci\u00f3n con el Contexto Penal Ecuatoriano \u00bfQu\u00e9 es Violencia? La violencia contra ni\u00f1as, ni\u00f1os y adolescentes es una vulneraci\u00f3n a los derechos humanos fundamentales. La [&hellip;]<\/p>\n","protected":false},"author":13,"featured_media":8242,"comment_status":"closed","ping_status":"closed","sticky":false,"template":"","format":"standard","meta":{"_et_pb_use_builder":"on","_et_pb_old_content":"","_et_gb_content_width":"","inline_featured_image":false,"footnotes":""},"categories":[387,2168],"tags":[2269,2267,2266,811,2268,2249,2250,2270],"_links":{"self":[{"href":"https:\/\/puceapex.puce.edu.ec\/web\/cev\/wp-json\/wp\/v2\/posts\/8237"}],"collection":[{"href":"https:\/\/puceapex.puce.edu.ec\/web\/cev\/wp-json\/wp\/v2\/posts"}],"about":[{"href":"https:\/\/puceapex.puce.edu.ec\/web\/cev\/wp-json\/wp\/v2\/types\/post"}],"author":[{"embeddable":true,"href":"https:\/\/puceapex.puce.edu.ec\/web\/cev\/wp-json\/wp\/v2\/users\/13"}],"replies":[{"embeddable":true,"href":"https:\/\/puceapex.puce.edu.ec\/web\/cev\/wp-json\/wp\/v2\/comments?post=8237"}],"version-history":[{"count":5,"href":"https:\/\/puceapex.puce.edu.ec\/web\/cev\/wp-json\/wp\/v2\/posts\/8237\/revisions"}],"predecessor-version":[{"id":8244,"href":"https:\/\/puceapex.puce.edu.ec\/web\/cev\/wp-json\/wp\/v2\/posts\/8237\/revisions\/8244"}],"wp:featuredmedia":[{"embeddable":true,"href":"https:\/\/puceapex.puce.edu.ec\/web\/cev\/wp-json\/wp\/v2\/media\/8242"}],"wp:attachment":[{"href":"https:\/\/puceapex.puce.edu.ec\/web\/cev\/wp-json\/wp\/v2\/media?parent=8237"}],"wp:term":[{"taxonomy":"category","embeddable":true,"href":"https:\/\/puceapex.puce.edu.ec\/web\/cev\/wp-json\/wp\/v2\/categories?post=8237"},{"taxonomy":"post_tag","embeddable":true,"href":"https:\/\/puceapex.puce.edu.ec\/web\/cev\/wp-json\/wp\/v2\/tags?post=8237"}],"curies":[{"name":"wp","href":"https:\/\/api.w.org\/{rel}","templated":true}]}}