{"id":773,"date":"2021-04-08T19:49:18","date_gmt":"2021-04-08T19:49:18","guid":{"rendered":"https:\/\/nancycrespo.com\/PRUEBAS\/?p=773"},"modified":"2021-08-16T13:27:41","modified_gmt":"2021-08-16T13:27:41","slug":"calidad-de-vida","status":"publish","type":"post","link":"https:\/\/puceapex.puce.edu.ec\/web\/cev\/calidad-de-vida\/","title":{"rendered":"Calidad de Vida"},"content":{"rendered":"[et_pb_section fb_built=\u00bb1&#8243; admin_label=\u00bbsection\u00bb _builder_version=\u00bb3.22&#8243; da_is_popup=\u00bboff\u00bb da_exit_intent=\u00bboff\u00bb da_has_close=\u00bbon\u00bb da_alt_close=\u00bboff\u00bb da_dark_close=\u00bboff\u00bb da_not_modal=\u00bbon\u00bb da_is_singular=\u00bboff\u00bb da_with_loader=\u00bboff\u00bb da_has_shadow=\u00bbon\u00bb da_disable_devices=\u00bboff|off|off\u00bb][et_pb_row admin_label=\u00bbrow\u00bb _builder_version=\u00bb3.25&#8243; background_size=\u00bbinitial\u00bb background_position=\u00bbtop_left\u00bb background_repeat=\u00bbrepeat\u00bb][et_pb_column type=\u00bb4_4&#8243; _builder_version=\u00bb3.25&#8243; custom_padding=\u00bb|||\u00bb custom_padding__hover=\u00bb|||\u00bb][et_pb_text _builder_version=\u00bb4.9.10&#8243; _module_preset=\u00bbdefault\u00bb hover_enabled=\u00bb0&#8243; sticky_enabled=\u00bb0&#8243;]<div style=\"width: 100%;\"><div style=\"position: relative; padding-bottom: 56.25%; padding-top: 0; height: 0;\"><iframe loading=\"lazy\" frameborder=\"0\" width=\"1200px\" height=\"675px\" style=\"position: absolute; top: 0; left: 0; width: 100%; height: 100%;\" src=\"https:\/\/view.genial.ly\/5e5fed3b41b5c6242ecabfb6\" type=\"text\/html\" allowscriptaccess=\"always\" allowfullscreen=\"true\" scrolling=\"yes\" allownetworking=\"all\"><\/iframe> <\/div> <\/div>[\/et_pb_text][et_pb_text admin_label=\u00bbText\u00bb _builder_version=\u00bb4.9.10&#8243; background_size=\u00bbinitial\u00bb background_position=\u00bbtop_left\u00bb background_repeat=\u00bbrepeat\u00bb hover_enabled=\u00bb0&#8243; sticky_enabled=\u00bb0&#8243;]<p><!-- \/wp:paragraph --><\/p>\n<p><!-- wp:paragraph --><strong>Maestr\u00eda:<\/strong> MESP<\/p>\n<p>&nbsp;<\/p>\n<p><strong>Facultad:<\/strong><span> Facultad de medicina<\/span><br \/><strong>Maestr\u00eda:<\/strong><span> Maestr\u00eda en Epidemiolog\u00eda para la salud p\u00fablica<\/span><br \/><strong>Materia:<\/strong><span>\u00a0<\/span>Epidemiolog\u00eda, m\u00e9todos de salud p\u00fablica y calidad de vida<\/p>\n<p><!-- \/wp:paragraph --><\/p>\n<p><!-- wp:paragraph -->\u00c1rea de Contenido:<\/p>\n<p><!-- \/wp:paragraph --><\/p>\n<p><!-- wp:paragraph -->Palabras Clave: Calidad de Vida, estado funcional, investigaci\u00f3n psicol\u00f3gica del bienestar, salud mental.<\/p>\n<p><!-- \/wp:paragraph --><\/p>\n<p><!-- wp:paragraph --><strong>Descripci\u00f3n:<\/strong><\/p>\n<p><!-- \/wp:paragraph --><\/p>\n<p><!-- wp:paragraph -->La utilizaci\u00f3n del concepto de Calidad de Vida puede remontarse a los Estados Unidos despu\u00e9s de la Segunda Guerra Mundial, como una tentativa de los investigadores de la \u00e9poca de conocer la percepci\u00f3n de las personas acerca de si ten\u00edan una buena vida o si se sent\u00edan financieramente seguras (Campbell, 1981; Meeberg, 1993).<\/p>\n<p><!-- \/wp:paragraph --><\/p>\n<p><!-- wp:paragraph --><strong>Enlace:<\/strong><\/p>\n<p><!-- \/wp:paragraph --><\/p>\n<p><!-- wp:embed {\"url\":\"https:\\\/\\\/view.genial.ly\\\/5e5fed3b41b5c6242ecabfb6\",\"type\":\"wp-embed\",\"providerNameSlug\":\"genially\",\"className\":\"\"} --><\/p>\n<figure class=\"wp-block-embed is-type-wp-embed is-provider-genially wp-block-embed-genially\">\n<div class=\"wp-block-embed__wrapper\">https:\/\/view.genial.ly\/5e5fed3b41b5c6242ecabfb6<\/div>\n<div class=\"wp-block-embed__wrapper\"><\/div>\n<div class=\"wp-block-embed__wrapper\"><\/div>\n<\/figure>\n<p><!-- \/wp:embed --><\/p>\n<p><strong>iFrame:<\/strong><\/p>[\/et_pb_text][et_pb_text _builder_version=\u00bb4.9.10&#8243; _module_preset=\u00bbdefault\u00bb hover_enabled=\u00bb0&#8243; sticky_enabled=\u00bb0&#8243;]<p><pre class=\"brush: php; title: ; notranslate\" title=\"\">&lt;\/p&gt;\n&lt;div style=&quot;width: 100%;&quot;&gt;\n&lt;div style=&quot;position: relative; padding-bottom: 56.25%; padding-top: 0; height: 0;&quot;&gt;&lt;iframe frameborder=&quot;0&quot; width=&quot;1200px&quot; height=&quot;675px&quot; style=&quot;position: absolute; top: 0; left: 0; width: 100%; height: 100%;&quot; src=&quot;https:\/\/view.genial.ly\/5e5fed3b41b5c6242ecabfb6&quot; type=&quot;text\/html&quot; allowscriptaccess=&quot;always&quot; allowfullscreen=&quot;true&quot; scrolling=&quot;yes&quot; allownetworking=&quot;all&quot;&gt;&lt;\/iframe&gt;&lt;\/div&gt;\n&lt;\/div&gt;\n&lt;p&gt;<\/pre><\/p>[\/et_pb_text][\/et_pb_column][\/et_pb_row][\/et_pb_section]","protected":false},"excerpt":{"rendered":"<p>La utilizaci\u00f3n del concepto de Calidad de Vida puede remontarse a los Estados Unidos despu\u00e9s de la Segunda Guerra Mundial, como una tentativa de los investigadores de la \u00e9poca de conocer la percepci\u00f3n de las personas acerca de si ten\u00edan una buena vida o si se sent\u00edan financieramente seguras (Campbell, 1981; Meeberg, 1993).<\/p>\n","protected":false},"author":13,"featured_media":4972,"comment_status":"open","ping_status":"open","sticky":false,"template":"","format":"standard","meta":{"_et_pb_use_builder":"on","_et_pb_old_content":"<!-- wp:paragraph -->\n<p>\u00c1rea de Identificaci\u00f3n:<\/p>\n<!-- \/wp:paragraph -->\n\n<!-- wp:paragraph -->\n<p>Maestr\u00eda: MESP<\/p>\n<!-- \/wp:paragraph -->\n\n<!-- wp:paragraph -->\n<p>Materia: Epidemiolog\u00eda, m\u00e9todos de salud p\u00fablica y calidad de vida<\/p>\n<!-- \/wp:paragraph -->\n\n<!-- wp:paragraph -->\n<p>\u00c1rea de Contenido: <\/p>\n<!-- \/wp:paragraph -->\n\n<!-- wp:paragraph -->\n<p>Palabras Clave: Calidad de Vida, estado funcional, investigaci\u00f3n psicol\u00f3gica del bienestar, salud mental.<\/p>\n<!-- \/wp:paragraph -->\n\n<!-- wp:paragraph -->\n<p>Descripci\u00f3n:<\/p>\n<!-- \/wp:paragraph -->\n\n<!-- wp:paragraph -->\n<p>La utilizaci\u00f3n del concepto de Calidad de Vida puede remontarse a los Estados Unidos despu\u00e9s de la Segunda Guerra Mundial, como una tentativa de los investigadores de la \u00e9poca de conocer la percepci\u00f3n de las personas acerca de si ten\u00edan una buena vida o si se sent\u00edan financieramente seguras (Campbell, 1981; Meeberg, 1993).<\/p>\n<!-- \/wp:paragraph -->\n\n<!-- wp:paragraph -->\n<p>Enlace Eframe:<\/p>\n<!-- \/wp:paragraph -->\n\n<!-- wp:embed {\"url\":\"https:\/\/view.genial.ly\/5e5fed3b41b5c6242ecabfb6\",\"type\":\"wp-embed\",\"providerNameSlug\":\"genially\",\"className\":\"\"} -->\n<figure class=\"wp-block-embed is-type-wp-embed is-provider-genially wp-block-embed-genially\"><div class=\"wp-block-embed__wrapper\">\nhttps:\/\/view.genial.ly\/5e5fed3b41b5c6242ecabfb6\n<\/div><\/figure>\n<!-- \/wp:embed -->","_et_gb_content_width":"","inline_featured_image":false,"footnotes":""},"categories":[2167,387],"tags":[1415,1416,1417,1418],"_links":{"self":[{"href":"https:\/\/puceapex.puce.edu.ec\/web\/cev\/wp-json\/wp\/v2\/posts\/773"}],"collection":[{"href":"https:\/\/puceapex.puce.edu.ec\/web\/cev\/wp-json\/wp\/v2\/posts"}],"about":[{"href":"https:\/\/puceapex.puce.edu.ec\/web\/cev\/wp-json\/wp\/v2\/types\/post"}],"author":[{"embeddable":true,"href":"https:\/\/puceapex.puce.edu.ec\/web\/cev\/wp-json\/wp\/v2\/users\/13"}],"replies":[{"embeddable":true,"href":"https:\/\/puceapex.puce.edu.ec\/web\/cev\/wp-json\/wp\/v2\/comments?post=773"}],"version-history":[{"count":2,"href":"https:\/\/puceapex.puce.edu.ec\/web\/cev\/wp-json\/wp\/v2\/posts\/773\/revisions"}],"predecessor-version":[{"id":7615,"href":"https:\/\/puceapex.puce.edu.ec\/web\/cev\/wp-json\/wp\/v2\/posts\/773\/revisions\/7615"}],"wp:featuredmedia":[{"embeddable":true,"href":"https:\/\/puceapex.puce.edu.ec\/web\/cev\/wp-json\/wp\/v2\/media\/4972"}],"wp:attachment":[{"href":"https:\/\/puceapex.puce.edu.ec\/web\/cev\/wp-json\/wp\/v2\/media?parent=773"}],"wp:term":[{"taxonomy":"category","embeddable":true,"href":"https:\/\/puceapex.puce.edu.ec\/web\/cev\/wp-json\/wp\/v2\/categories?post=773"},{"taxonomy":"post_tag","embeddable":true,"href":"https:\/\/puceapex.puce.edu.ec\/web\/cev\/wp-json\/wp\/v2\/tags?post=773"}],"curies":[{"name":"wp","href":"https:\/\/api.w.org\/{rel}","templated":true}]}}