{"id":762,"date":"2021-04-08T19:16:41","date_gmt":"2021-04-08T19:16:41","guid":{"rendered":"https:\/\/nancycrespo.com\/PRUEBAS\/?p=762"},"modified":"2021-08-16T13:59:02","modified_gmt":"2021-08-16T13:59:02","slug":"promocion-de-salud-individual-y-colectiva","status":"publish","type":"post","link":"https:\/\/puceapex.puce.edu.ec\/web\/cev\/promocion-de-salud-individual-y-colectiva\/","title":{"rendered":"Promoci\u00f3n de Salud, individual y colectiva"},"content":{"rendered":"[et_pb_section fb_built=\u00bb1&#8243; admin_label=\u00bbsection\u00bb _builder_version=\u00bb3.22&#8243; da_is_popup=\u00bboff\u00bb da_exit_intent=\u00bboff\u00bb da_has_close=\u00bbon\u00bb da_alt_close=\u00bboff\u00bb da_dark_close=\u00bboff\u00bb da_not_modal=\u00bbon\u00bb da_is_singular=\u00bboff\u00bb da_with_loader=\u00bboff\u00bb da_has_shadow=\u00bbon\u00bb da_disable_devices=\u00bboff|off|off\u00bb][et_pb_row admin_label=\u00bbrow\u00bb _builder_version=\u00bb3.25&#8243; background_size=\u00bbinitial\u00bb background_position=\u00bbtop_left\u00bb background_repeat=\u00bbrepeat\u00bb][et_pb_column type=\u00bb4_4&#8243; _builder_version=\u00bb3.25&#8243; custom_padding=\u00bb|||\u00bb custom_padding__hover=\u00bb|||\u00bb][et_pb_text _builder_version=\u00bb4.9.10&#8243; _module_preset=\u00bbdefault\u00bb hover_enabled=\u00bb0&#8243; sticky_enabled=\u00bb0&#8243;]<div style=\"width: 100%;\"><div style=\"position: relative; padding-bottom: 56.25%; padding-top: 0; height: 0;\"><iframe loading=\"lazy\" frameborder=\"0\" width=\"1200px\" height=\"675px\" style=\"position: absolute; top: 0; left: 0; width: 100%; height: 100%;\" src=\"https:\/\/view.genial.ly\/5e42c1eb613a3f353f28f49e\" type=\"text\/html\" allowscriptaccess=\"always\" allowfullscreen=\"true\" scrolling=\"yes\" allownetworking=\"all\"><\/iframe> <\/div> <\/div>[\/et_pb_text][et_pb_text admin_label=\u00bbText\u00bb _builder_version=\u00bb4.9.10&#8243; background_size=\u00bbinitial\u00bb background_position=\u00bbtop_left\u00bb background_repeat=\u00bbrepeat\u00bb hover_enabled=\u00bb0&#8243; sticky_enabled=\u00bb0&#8243;]<p><!-- \/wp:paragraph --><\/p>\n<p><!-- wp:paragraph --><strong>Maestr\u00eda:<\/strong> MESP<\/p>\n<p><!-- \/wp:paragraph --><\/p>\n<p><strong>Facultad:<\/strong><span>\u00a0Facultad de medicina<\/span><br \/><strong>Maestr\u00eda:<\/strong><span>\u00a0Maestr\u00eda en Epidemiolog\u00eda para la salud p\u00fablica<\/span><br \/><strong>Materia:<\/strong><span>\u00a0<\/span><span>Epidemiolog\u00eda, m\u00e9todos de salud p\u00fablica y calidad de vida<\/span><\/p>\n<p><!-- \/wp:paragraph --><\/p>\n<p><!-- wp:paragraph -->\u00c1rea de Contenido:<\/p>\n<p><!-- \/wp:paragraph --><\/p>\n<p><!-- wp:paragraph --><strong>Palabras Clave:<\/strong><\/p>\n<p><!-- \/wp:paragraph --><\/p>\n<p><!-- wp:paragraph -->Promoci\u00f3n de Salud, individual y colectiva, mayor control de su propia salud, tratamiento y la curaci\u00f3n, Buena gobernanza sanitaria\u200b, Ciudades saludables, Ciudades saludables<\/p>\n<p><!-- \/wp:paragraph --><\/p>\n<p><!-- wp:paragraph --><strong>Descripci\u00f3n:<\/strong><\/p>\n<p><!-- \/wp:paragraph --><\/p>\n<p><!-- wp:paragraph -->La promoci\u00f3n de la salud permite que las personas tengan un mayor control de su propia salud. \u200bAbarca una amplia gama de intervenciones sociales y ambientales destinadas a beneficiar y proteger la salud y la calidad de vida individuales mediante la prevenci\u00f3n y soluci\u00f3n de las causas primordiales de los problemas de salud, y no centr\u00e1ndose \u00fanicamente en el tratamiento y la curaci\u00f3n.<\/p>\n<p><!-- \/wp:paragraph --><\/p>\n<p><!-- wp:paragraph --><strong>Enlace:<\/strong><\/p>\n<p><!-- \/wp:paragraph --><\/p>\n<p><!-- wp:embed {\"url\":\"https:\\\/\\\/view.genial.ly\\\/5e42c1eb613a3f353f28f49e\",\"type\":\"wp-embed\",\"providerNameSlug\":\"genially\",\"className\":\"\"} --><\/p>\n<figure class=\"wp-block-embed is-type-wp-embed is-provider-genially wp-block-embed-genially\">\n<div class=\"wp-block-embed__wrapper\">https:\/\/view.genial.ly\/5e42c1eb613a3f353f28f49e<\/div>\n<\/figure>\n<p><!-- \/wp:embed --><\/p>\n<p><!-- wp:paragraph -->\u00c1rea de menci\u00f3n de responsabilidad<\/p>\n<p><!-- \/wp:paragraph --><\/p>\n<p><!-- wp:paragraph --><strong>Referencia:<\/strong><\/p>\n<p><!-- \/wp:paragraph --><\/p>\n<p><!-- wp:list --><\/p>\n<ul>\n<li>Restrepo H. (2002) Promoci\u00f3n de la salud: Como construir vida saludable., Bogot\u00e1, Colombia: Editorial M\u00e9dica Internacional Ltda.<\/li>\n<li>Guillen, A. (2009) Origen, espacio y niveles de participaci\u00f3n ciudadana.<\/li>\n<li>Daena: International Journal of Good Conscience. 4(1): 179-193. ISSN 1870-557X.<\/li>\n<li>M.L. V\u00e1zquez (2002). Los procesos de reforma y la participaci\u00f3n social en salud en Am\u00e9rica Latina. Gaceta Sanitaria ;16(1):30-38<\/li>\n<\/ul>\n<p><!-- \/wp:list --><\/p>[\/et_pb_text][et_pb_text _builder_version=\u00bb4.9.10&#8243; _module_preset=\u00bbdefault\u00bb hover_enabled=\u00bb0&#8243; sticky_enabled=\u00bb0&#8243;]<pre class=\"brush: php; title: ; notranslate\" title=\"\">&lt;div style=&quot;width: 100%;&quot;&gt;&lt;div style=&quot;position: relative; padding-bottom: 56.25%; padding-top: 0; height: 0;&quot;&gt;&lt;iframe frameborder=&quot;0&quot; width=&quot;1200px&quot; height=&quot;675px&quot; style=&quot;position: absolute; top: 0; left: 0; width: 100%; height: 100%;&quot; src=&quot;https:\/\/view.genial.ly\/5e42c1eb613a3f353f28f49e&quot; type=&quot;text\/html&quot; allowscriptaccess=&quot;always&quot; allowfullscreen=&quot;true&quot; scrolling=&quot;yes&quot; allownetworking=&quot;all&quot;&gt;&lt;\/iframe&gt; &lt;\/div&gt; &lt;\/div&gt;<\/pre>[\/et_pb_text][\/et_pb_column][\/et_pb_row][\/et_pb_section]","protected":false},"excerpt":{"rendered":"<p>La promoci\u00f3n de la salud permite que las personas tengan un mayor control de su propia salud. \u200bAbarca una amplia gama de intervenciones sociales y ambientales destinadas a beneficiar y proteger la salud y la calidad de vida individuales mediante la prevenci\u00f3n y soluci\u00f3n de las causas primordiales de los problemas de salud, y no centr\u00e1ndose \u00fanicamente en el tratamiento y la curaci\u00f3n.<\/p>\n","protected":false},"author":13,"featured_media":4969,"comment_status":"open","ping_status":"open","sticky":false,"template":"","format":"standard","meta":{"_et_pb_use_builder":"on","_et_pb_old_content":"<!-- wp:paragraph -->\n<p>\u00c1rea de Identificaci\u00f3n: <\/p>\n<!-- \/wp:paragraph -->\n\n<!-- wp:paragraph -->\n<p>Maestr\u00eda: MESP<\/p>\n<!-- \/wp:paragraph -->\n\n<!-- wp:paragraph -->\n<p>Materia: Epidemiolog\u00eda, m\u00e9todos de salud p\u00fablica y calidad de vida<\/p>\n<!-- \/wp:paragraph -->\n\n<!-- wp:paragraph -->\n<p>\u00c1rea de Contenido: <\/p>\n<!-- \/wp:paragraph -->\n\n<!-- wp:paragraph -->\n<p>Palabras Clave: <\/p>\n<!-- \/wp:paragraph -->\n\n<!-- wp:paragraph -->\n<p>Promoci\u00f3n de Salud, individual y colectiva, mayor control de su propia salud, tratamiento y la curaci\u00f3n, Buena gobernanza sanitaria\u200b, Ciudades saludables, Ciudades saludables<\/p>\n<!-- \/wp:paragraph -->\n\n<!-- wp:paragraph -->\n<p>Descripci\u00f3n:<\/p>\n<!-- \/wp:paragraph -->\n\n<!-- wp:paragraph -->\n<p>La promoci\u00f3n de la salud permite que las personas tengan un mayor control de su propia salud. \u200bAbarca una amplia gama de intervenciones sociales y ambientales destinadas a beneficiar y proteger la salud y la calidad de vida individuales mediante la prevenci\u00f3n y soluci\u00f3n de las causas primordiales de los problemas de salud, y no centr\u00e1ndose \u00fanicamente en el tratamiento y la curaci\u00f3n.<\/p>\n<!-- \/wp:paragraph -->\n\n<!-- wp:paragraph -->\n<p>Enlace Eframe:<\/p>\n<!-- \/wp:paragraph -->\n\n<!-- wp:embed {\"url\":\"https:\/\/view.genial.ly\/5e42c1eb613a3f353f28f49e\",\"type\":\"wp-embed\",\"providerNameSlug\":\"genially\",\"className\":\"\"} -->\n<figure class=\"wp-block-embed is-type-wp-embed is-provider-genially wp-block-embed-genially\"><div class=\"wp-block-embed__wrapper\">\nhttps:\/\/view.genial.ly\/5e42c1eb613a3f353f28f49e\n<\/div><\/figure>\n<!-- \/wp:embed -->\n\n<!-- wp:paragraph -->\n<p>\u00c1rea de menci\u00f3n de responsabilidad <\/p>\n<!-- \/wp:paragraph -->\n\n<!-- wp:paragraph -->\n<p>Referencia:<\/p>\n<!-- \/wp:paragraph -->\n\n<!-- wp:list -->\n<ul><li>Restrepo H. (2002) Promoci\u00f3n de la salud: Como construir vida saludable., Bogot\u00e1, Colombia: Editorial M\u00e9dica Internacional Ltda.<\/li><li>Guillen, A. (2009) Origen, espacio y niveles de participaci\u00f3n ciudadana.<\/li><li>Daena: International Journal of Good Conscience. 4(1): 179-193. ISSN 1870-557X.<\/li><li>M.L. V\u00e1zquez (2002). Los procesos de reforma y la participaci\u00f3n social en salud en Am\u00e9rica Latina. Gaceta Sanitaria ;16(1):30-38<\/li><\/ul>\n<!-- \/wp:list -->","_et_gb_content_width":"","inline_featured_image":false,"footnotes":""},"categories":[2167,387],"tags":[1400,1401,1402,1403,1404],"_links":{"self":[{"href":"https:\/\/puceapex.puce.edu.ec\/web\/cev\/wp-json\/wp\/v2\/posts\/762"}],"collection":[{"href":"https:\/\/puceapex.puce.edu.ec\/web\/cev\/wp-json\/wp\/v2\/posts"}],"about":[{"href":"https:\/\/puceapex.puce.edu.ec\/web\/cev\/wp-json\/wp\/v2\/types\/post"}],"author":[{"embeddable":true,"href":"https:\/\/puceapex.puce.edu.ec\/web\/cev\/wp-json\/wp\/v2\/users\/13"}],"replies":[{"embeddable":true,"href":"https:\/\/puceapex.puce.edu.ec\/web\/cev\/wp-json\/wp\/v2\/comments?post=762"}],"version-history":[{"count":2,"href":"https:\/\/puceapex.puce.edu.ec\/web\/cev\/wp-json\/wp\/v2\/posts\/762\/revisions"}],"predecessor-version":[{"id":7650,"href":"https:\/\/puceapex.puce.edu.ec\/web\/cev\/wp-json\/wp\/v2\/posts\/762\/revisions\/7650"}],"wp:featuredmedia":[{"embeddable":true,"href":"https:\/\/puceapex.puce.edu.ec\/web\/cev\/wp-json\/wp\/v2\/media\/4969"}],"wp:attachment":[{"href":"https:\/\/puceapex.puce.edu.ec\/web\/cev\/wp-json\/wp\/v2\/media?parent=762"}],"wp:term":[{"taxonomy":"category","embeddable":true,"href":"https:\/\/puceapex.puce.edu.ec\/web\/cev\/wp-json\/wp\/v2\/categories?post=762"},{"taxonomy":"post_tag","embeddable":true,"href":"https:\/\/puceapex.puce.edu.ec\/web\/cev\/wp-json\/wp\/v2\/tags?post=762"}],"curies":[{"name":"wp","href":"https:\/\/api.w.org\/{rel}","templated":true}]}}