{"id":641,"date":"2021-04-07T19:04:37","date_gmt":"2021-04-07T19:04:37","guid":{"rendered":"https:\/\/nancycrespo.com\/PRUEBAS\/?p=641"},"modified":"2021-04-07T19:04:37","modified_gmt":"2021-04-07T19:04:37","slug":"paso-4-medidas-de-intervencion-por-niveles-de-prevencion-y-por-riesgo","status":"publish","type":"post","link":"https:\/\/puceapex.puce.edu.ec\/web\/cev\/paso-4-medidas-de-intervencion-por-niveles-de-prevencion-y-por-riesgo\/","title":{"rendered":"Paso 4: Medidas de intervenci\u00f3n por niveles de prevenci\u00f3n y por riesgo"},"content":{"rendered":"\n<p>\u00c1rea de Identificaci\u00f3n:<\/p>\n\n\n\n<p>Maestr\u00eda: MESP<\/p>\n\n\n\n<p>Materia: Vigilancia epidemiol\u00f3gica: m\u00e9todos y estrategias de control y prevenci\u00f3n<\/p>\n\n\n\n<p>\u00c1rea de Contenido:<\/p>\n\n\n\n<p>Palabras Clave:<\/p>\n\n\n\n<p>Paso 4: Medidas de intervenci\u00f3n por niveles de prevenci\u00f3n y por riesgo, <strong>ENFOQUE DE RIESGO<\/strong>, multiprop\u00f3sito, intersectorial , interinstitucional<\/p>\n\n\n\n<p>Descripci\u00f3n:<\/p>\n\n\n\n<p>Con el trabajo realizado en los pasos anteriores, hemos logrado identificar una enfermedad trazadora (multiprop\u00f3sito) y posteriormente identificar soluciones integrales (para todos los determinantes) y por niveles de prevenci\u00f3n.De esta manera tenemos los elementos para elaborar un plan o un proyecto multiprop\u00f3sito, integral, intersectorial o interinstitucional y con participaci\u00f3n comunitaria y familiar.<\/p>\n\n\n\n<p>Enlace Eframe:<\/p>\n\n\n\n<figure class=\"wp-block-embed is-type-wp-embed is-provider-genially wp-block-embed-genially\"><div class=\"wp-block-embed__wrapper\">\n<iframe class=\"wp-embedded-content\" sandbox=\"allow-scripts\" security=\"restricted\" title=\"ME - 10 - M6 - R4\" frameborder='0' width='1200' height='675' src='https:\/\/view.genial.ly\/5f94ff1cdf557b0d1e59667c#?secret=avsSHHNhva' data-secret='avsSHHNhva' scrolling='yes'><\/iframe>\n<\/div><\/figure>\n\n\n\n<p>\u00c1rea de menci\u00f3n de responsabilidad<\/p>\n\n\n\n<p>Referencia:<\/p>\n\n\n\n<ul><li>OPS\/OMS. (1999) Serie Paltex. Manual sobre el enfoque de riesgo en la atenci\u00f3n materno infantil<\/li><\/ul>\n","protected":false},"excerpt":{"rendered":"<p>Con el trabajo realizado en los pasos anteriores, hemos logrado identificar una enfermedad trazadora (multiprop\u00f3sito) y posteriormente identificar soluciones integrales (para todos los determinantes) y por niveles de prevenci\u00f3n.De esta manera tenemos los elementos para elaborar un plan o un proyecto multiprop\u00f3sito, integral, intersectorial o interinstitucional y con participaci\u00f3n comunitaria y familiar.<\/p>\n","protected":false},"author":13,"featured_media":4950,"comment_status":"open","ping_status":"open","sticky":false,"template":"","format":"standard","meta":{"_et_pb_use_builder":"","_et_pb_old_content":"","_et_gb_content_width":"","inline_featured_image":false,"footnotes":""},"categories":[387],"tags":[1204,1205,1206,1207,1208],"_links":{"self":[{"href":"https:\/\/puceapex.puce.edu.ec\/web\/cev\/wp-json\/wp\/v2\/posts\/641"}],"collection":[{"href":"https:\/\/puceapex.puce.edu.ec\/web\/cev\/wp-json\/wp\/v2\/posts"}],"about":[{"href":"https:\/\/puceapex.puce.edu.ec\/web\/cev\/wp-json\/wp\/v2\/types\/post"}],"author":[{"embeddable":true,"href":"https:\/\/puceapex.puce.edu.ec\/web\/cev\/wp-json\/wp\/v2\/users\/13"}],"replies":[{"embeddable":true,"href":"https:\/\/puceapex.puce.edu.ec\/web\/cev\/wp-json\/wp\/v2\/comments?post=641"}],"version-history":[{"count":0,"href":"https:\/\/puceapex.puce.edu.ec\/web\/cev\/wp-json\/wp\/v2\/posts\/641\/revisions"}],"wp:featuredmedia":[{"embeddable":true,"href":"https:\/\/puceapex.puce.edu.ec\/web\/cev\/wp-json\/wp\/v2\/media\/4950"}],"wp:attachment":[{"href":"https:\/\/puceapex.puce.edu.ec\/web\/cev\/wp-json\/wp\/v2\/media?parent=641"}],"wp:term":[{"taxonomy":"category","embeddable":true,"href":"https:\/\/puceapex.puce.edu.ec\/web\/cev\/wp-json\/wp\/v2\/categories?post=641"},{"taxonomy":"post_tag","embeddable":true,"href":"https:\/\/puceapex.puce.edu.ec\/web\/cev\/wp-json\/wp\/v2\/tags?post=641"}],"curies":[{"name":"wp","href":"https:\/\/api.w.org\/{rel}","templated":true}]}}