{"id":59,"date":"2021-03-26T17:59:49","date_gmt":"2021-03-26T17:59:49","guid":{"rendered":"https:\/\/nancycrespo.com\/PRUEBAS\/?p=59"},"modified":"2021-08-02T17:42:43","modified_gmt":"2021-08-02T17:42:43","slug":"acto-medico-y-objecion-de-conciencia","status":"publish","type":"post","link":"https:\/\/puceapex.puce.edu.ec\/web\/cev\/acto-medico-y-objecion-de-conciencia\/","title":{"rendered":"Acto m\u00e9dico y objeci\u00f3n de conciencia"},"content":{"rendered":"[et_pb_section fb_built=\u00bb1&#8243; admin_label=\u00bbsection\u00bb _builder_version=\u00bb3.22&#8243; da_disable_devices=\u00bboff|off|off\u00bb da_is_popup=\u00bboff\u00bb da_exit_intent=\u00bboff\u00bb da_has_close=\u00bbon\u00bb da_alt_close=\u00bboff\u00bb da_dark_close=\u00bboff\u00bb da_not_modal=\u00bbon\u00bb da_is_singular=\u00bboff\u00bb da_with_loader=\u00bboff\u00bb da_has_shadow=\u00bbon\u00bb][et_pb_row admin_label=\u00bbrow\u00bb _builder_version=\u00bb3.25&#8243; background_size=\u00bbinitial\u00bb background_position=\u00bbtop_left\u00bb background_repeat=\u00bbrepeat\u00bb][et_pb_column type=\u00bb4_4&#8243; _builder_version=\u00bb3.25&#8243; custom_padding=\u00bb|||\u00bb custom_padding__hover=\u00bb|||\u00bb][et_pb_text admin_label=\u00bbText\u00bb _builder_version=\u00bb4.9.10&#8243; background_size=\u00bbinitial\u00bb background_position=\u00bbtop_left\u00bb background_repeat=\u00bbrepeat\u00bb hover_enabled=\u00bb0&#8243; sticky_enabled=\u00bb0&#8243;]\n<p><strong>\u00c1rea de Identificaci\u00f3n:<\/strong>Medicina<\/p>\n\n\n\n<p><strong>Maestr\u00eda:<\/strong> Maestr\u00eda en gesti\u00f3n de calidad en salud y seguridad del paciente<\/p>\n\n\n\n<p><strong>Materia:<\/strong> Bio\u00e9tica<\/p>\n\n\n\n<p><strong>\u00c1rea de Contenido <\/strong><\/p>\n\n\n\n<p><strong>Palabras Clave: <\/strong><\/p>\n\n\n\n<p>Acto m\u00e9dico, objeci\u00f3n de conciencia, Profesional M\u00e9dico, responsabilidad, pr\u00e1ctica m\u00e9dica <\/p>\n\n\n\n<p><strong>Descripci\u00f3n: <\/strong><\/p>\n\n\n\n<p>Desde siempre, la pr\u00e1ctica de la medicina exigi\u00f3 al m\u00e9dico realizar actos en procura de buscar la salud de sus pacientes, con gran sentido de responsabilidad en cada uno de ellos, pero tambi\u00e9n muchas veces lo enfrenta a conflictos de intereses de distinta \u00edndole los cuales en algunas ocasiones complican la toma de decisiones \u00e9ticamente v\u00e1lidas.<\/p>\n\n\n\n<p><strong>Enlace Iframe: <\/strong><\/p>\n\n\n\n<pre class=\"brush: php; title: ; notranslate\" title=\"\">&lt;div style=&quot;width: 100%;&quot;&gt;&lt;div style=&quot;position: relative; padding-bottom: 56.25%; padding-top: 0; height: 0;&quot;&gt;&lt;iframe frameborder=&quot;0&quot; width=&quot;1600&quot; height=&quot;900&quot; style=&quot;position: absolute; top: 0; left: 0; width: 100%; height: 100%;&quot; src=&quot;https:\/\/view.genial.ly\/5f8264744698310d20e4d097&quot; type=&quot;text\/html&quot; allowscriptaccess=&quot;always&quot; allowfullscreen=&quot;true&quot; scrolling=&quot;yes&quot; allownetworking=&quot;all&quot;&gt;&lt;\/iframe&gt; &lt;\/div&gt; &lt;\/div&gt;<\/pre>\n\n\n\n<figure class=\"wp-block-embed is-type-wp-embed is-provider-genially wp-block-embed-genially\"><div class=\"wp-block-embed__wrapper\">\n<iframe class=\"wp-embedded-content\" sandbox=\"allow-scripts\" security=\"restricted\" title=\"MGCSSP M3 R2\" frameborder='0' width='1600' height='900' src='https:\/\/view.genial.ly\/5f8264744698310d20e4d097#?secret=hIFmQ2gRF8' data-secret='hIFmQ2gRF8' scrolling='yes'><\/iframe>\n<\/div><\/figure>\n\n\n\n<p><strong>\u00c1rea de menci\u00f3n de Responsabilidad<\/strong><\/p>\n\n\n\n<p>Referencia:<\/p>\n\n\n\n<ul><li>Pastor L.M. (2019). Car\u00e1cter \u00e9tico y prudencia: an\u00e1lisis del acto humano en las decisiones cl\u00ednico \u00e9ticas.&nbsp; Cuadernos de Bio\u00e9tica. 2019; 30(99): 149-156. DOI: 10.30444CB.29. Recuperado de : http:\/\/aebioetica.org\/revistas\/2019\/30\/99\/149.pdf<\/li><li>Beca I, J.P.,Astete A,C. (2015). Objeci\u00f3n de conciencia en la pr\u00e1ctica m\u00e9dica. Rev.med.Chile vol143 no.4 Santiago abr.2015. Recuperado de: https:\/\/scielo.conicyt.cl\/scielo.php?script=sci_arttext&amp;pid=S0034-98872015000400011<\/li><li>Franca,O. (2013). La objeci\u00f3n de conciencia. Tres visiones sobre el tema. Arch.Med Int vol 35 no 2 Montevideo jul.2013. Recuperado de: http:\/\/www.scielo.edu.uy\/scielo.php?script=sci_arttext&amp;pid=S1688-423X2013000200007<\/li><li>Montero Vega A., Gonz\u00e1lez Araya, E. (2011). La objeci\u00f3n de conciencia en la pr\u00e1ctica cl\u00ednica. Acta Bioethica 2011; 17(1): 123-131. Recuperado de: https:\/\/scielo.conicyt.cl\/scielo.php?script=sci_arttext&amp;pid=S1726-569X2011000100014<\/li><li>T\u00e1vara Orozco,L. (2017). Objeci\u00f3n de conciencia. Rev. peru. ginecol. obstet. Vol 63 no.4 Lima oct.\/dic.2017. recuperado de: http:\/\/www.scielo.org.pe\/scielo.php?script=sci_arttext&amp;pid=S2304-51322017000400010<\/li><\/ul>\n[\/et_pb_text][\/et_pb_column][\/et_pb_row][\/et_pb_section]","protected":false},"excerpt":{"rendered":"<p>Desde siempre, la pr\u00e1ctica de la medicina exigi\u00f3 al m\u00e9dico realizar actos en procura de buscar la salud de sus pacientes, con gran sentido de responsabilidad en cada uno de ellos, pero tambi\u00e9n muchas veces lo enfrenta a conflictos de intereses de distinta \u00edndole los cuales en algunas ocasiones complican la toma de decisiones \u00e9ticamente v\u00e1lidas.<\/p>\n","protected":false},"author":13,"featured_media":60,"comment_status":"open","ping_status":"open","sticky":false,"template":"","format":"standard","meta":{"_et_pb_use_builder":"on","_et_pb_old_content":"<!-- wp:paragraph -->\n<p><strong>\u00c1rea de Identificaci\u00f3n:<\/strong><\/p>\n<!-- \/wp:paragraph -->\n\n<!-- wp:paragraph -->\n<p><strong>Maestr\u00eda:<\/strong> MGCSSP<\/p>\n<!-- \/wp:paragraph -->\n\n<!-- wp:paragraph -->\n<p><strong>Materia:<\/strong> Bio\u00e9tica<\/p>\n<!-- \/wp:paragraph -->\n\n<!-- wp:paragraph -->\n<p><strong>\u00c1rea de Contenido <\/strong><\/p>\n<!-- \/wp:paragraph -->\n\n<!-- wp:paragraph -->\n<p><strong>Palabras Clave: <\/strong><\/p>\n<!-- \/wp:paragraph -->\n\n<!-- wp:paragraph -->\n<p>Acto m\u00e9dico, objeci\u00f3n de conciencia, Profesional M\u00e9dico, responsabilidad, pr\u00e1ctica m\u00e9dica <\/p>\n<!-- \/wp:paragraph -->\n\n<!-- wp:paragraph -->\n<p><strong>Descripci\u00f3n: <\/strong><\/p>\n<!-- \/wp:paragraph -->\n\n<!-- wp:paragraph -->\n<p>Desde siempre, la pr\u00e1ctica de la medicina exigi\u00f3 al m\u00e9dico realizar actos en procura de buscar la salud de sus pacientes, con gran sentido de responsabilidad en cada uno de ellos, pero tambi\u00e9n muchas veces lo enfrenta a conflictos de intereses de distinta \u00edndole los cuales en algunas ocasiones complican la toma de decisiones \u00e9ticamente v\u00e1lidas.<\/p>\n<!-- \/wp:paragraph -->\n\n<!-- wp:paragraph -->\n<p><strong>Enlace Eframe: <\/strong><\/p>\n<!-- \/wp:paragraph -->\n\n<!-- wp:embed {\"url\":\"https:\/\/view.genial.ly\/5f8264744698310d20e4d097\",\"type\":\"wp-embed\",\"providerNameSlug\":\"genially\",\"className\":\"\"} -->\n<figure class=\"wp-block-embed is-type-wp-embed is-provider-genially wp-block-embed-genially\"><div class=\"wp-block-embed__wrapper\">\nhttps:\/\/view.genial.ly\/5f8264744698310d20e4d097\n<\/div><\/figure>\n<!-- \/wp:embed -->\n\n<!-- wp:paragraph -->\n<p><strong>\u00c1rea de menci\u00f3n de Responsabilidad<\/strong><\/p>\n<!-- \/wp:paragraph -->\n\n<!-- wp:paragraph -->\n<p>Referencia:<\/p>\n<!-- \/wp:paragraph -->\n\n<!-- wp:list -->\n<ul><li>Pastor L.M. (2019). Car\u00e1cter \u00e9tico y prudencia: an\u00e1lisis del acto humano en las decisiones cl\u00ednico \u00e9ticas.&nbsp; Cuadernos de Bio\u00e9tica. 2019; 30(99): 149-156. DOI: 10.30444CB.29. Recuperado de : http:\/\/aebioetica.org\/revistas\/2019\/30\/99\/149.pdf<\/li><li>Beca I, J.P.,Astete A,C. (2015). Objeci\u00f3n de conciencia en la pr\u00e1ctica m\u00e9dica. Rev.med.Chile vol143 no.4 Santiago abr.2015. Recuperado de: https:\/\/scielo.conicyt.cl\/scielo.php?script=sci_arttext&amp;pid=S0034-98872015000400011<\/li><li>Franca,O. (2013). La objeci\u00f3n de conciencia. Tres visiones sobre el tema. Arch.Med Int vol 35 no 2 Montevideo jul.2013. Recuperado de: http:\/\/www.scielo.edu.uy\/scielo.php?script=sci_arttext&amp;pid=S1688-423X2013000200007<\/li><li>Montero Vega A., Gonz\u00e1lez Araya, E. (2011). La objeci\u00f3n de conciencia en la pr\u00e1ctica cl\u00ednica. Acta Bioethica 2011; 17(1): 123-131. Recuperado de: https:\/\/scielo.conicyt.cl\/scielo.php?script=sci_arttext&amp;pid=S1726-569X2011000100014<\/li><li>T\u00e1vara Orozco,L. (2017). Objeci\u00f3n de conciencia. Rev. peru. ginecol. obstet. Vol 63 no.4 Lima oct.\/dic.2017. recuperado de: http:\/\/www.scielo.org.pe\/scielo.php?script=sci_arttext&amp;pid=S2304-51322017000400010<\/li><\/ul>\n<!-- \/wp:list -->","_et_gb_content_width":"","inline_featured_image":false,"footnotes":""},"categories":[2167,387],"tags":[412,2177,2175,413,414,415,416],"_links":{"self":[{"href":"https:\/\/puceapex.puce.edu.ec\/web\/cev\/wp-json\/wp\/v2\/posts\/59"}],"collection":[{"href":"https:\/\/puceapex.puce.edu.ec\/web\/cev\/wp-json\/wp\/v2\/posts"}],"about":[{"href":"https:\/\/puceapex.puce.edu.ec\/web\/cev\/wp-json\/wp\/v2\/types\/post"}],"author":[{"embeddable":true,"href":"https:\/\/puceapex.puce.edu.ec\/web\/cev\/wp-json\/wp\/v2\/users\/13"}],"replies":[{"embeddable":true,"href":"https:\/\/puceapex.puce.edu.ec\/web\/cev\/wp-json\/wp\/v2\/comments?post=59"}],"version-history":[{"count":4,"href":"https:\/\/puceapex.puce.edu.ec\/web\/cev\/wp-json\/wp\/v2\/posts\/59\/revisions"}],"predecessor-version":[{"id":6096,"href":"https:\/\/puceapex.puce.edu.ec\/web\/cev\/wp-json\/wp\/v2\/posts\/59\/revisions\/6096"}],"wp:featuredmedia":[{"embeddable":true,"href":"https:\/\/puceapex.puce.edu.ec\/web\/cev\/wp-json\/wp\/v2\/media\/60"}],"wp:attachment":[{"href":"https:\/\/puceapex.puce.edu.ec\/web\/cev\/wp-json\/wp\/v2\/media?parent=59"}],"wp:term":[{"taxonomy":"category","embeddable":true,"href":"https:\/\/puceapex.puce.edu.ec\/web\/cev\/wp-json\/wp\/v2\/categories?post=59"},{"taxonomy":"post_tag","embeddable":true,"href":"https:\/\/puceapex.puce.edu.ec\/web\/cev\/wp-json\/wp\/v2\/tags?post=59"}],"curies":[{"name":"wp","href":"https:\/\/api.w.org\/{rel}","templated":true}]}}