{"id":5724,"date":"2021-07-25T23:46:06","date_gmt":"2021-07-25T23:46:06","guid":{"rendered":"https:\/\/puceapex.puce.edu.ec\/web\/cev\/?p=5724"},"modified":"2021-08-12T01:47:25","modified_gmt":"2021-08-12T01:47:25","slug":"origenes-de-la-bioetica","status":"publish","type":"post","link":"https:\/\/puceapex.puce.edu.ec\/web\/cev\/origenes-de-la-bioetica\/","title":{"rendered":"Or\u00edgenes de la Bio\u00e9tica"},"content":{"rendered":"<p>[et_pb_section fb_built=\u00bb1&#8243; admin_label=\u00bbsection\u00bb _builder_version=\u00bb3.22&#8243; da_disable_devices=\u00bboff|off|off\u00bb da_is_popup=\u00bboff\u00bb da_exit_intent=\u00bboff\u00bb da_has_close=\u00bbon\u00bb da_alt_close=\u00bboff\u00bb da_dark_close=\u00bboff\u00bb da_not_modal=\u00bbon\u00bb da_is_singular=\u00bboff\u00bb da_with_loader=\u00bboff\u00bb da_has_shadow=\u00bbon\u00bb][et_pb_row admin_label=\u00bbrow\u00bb _builder_version=\u00bb3.25&#8243; background_size=\u00bbinitial\u00bb background_position=\u00bbtop_left\u00bb background_repeat=\u00bbrepeat\u00bb][et_pb_column type=\u00bb4_4&#8243; _builder_version=\u00bb3.25&#8243; custom_padding=\u00bb|||\u00bb custom_padding__hover=\u00bb|||\u00bb][et_pb_code _builder_version=\u00bb4.9.10&#8243; _module_preset=\u00bbdefault\u00bb]<code><\/p>\n<div style=\"width: 100%;\">\n<div style=\"position: relative; padding-bottom: 56.25%; padding-top: 0; height: 0;\"><iframe loading=\"lazy\" frameborder=\"0\" width=\"1200\" height=\"675\" style=\"position: absolute; top: 0; left: 0; width: 100%; height: 100%;\" src=\"https:\/\/view.genial.ly\/5f80f99ee921420d8cc1b70b\" type=\"text\/html\" allowscriptaccess=\"always\" allowfullscreen=\"true\" scrolling=\"yes\" allownetworking=\"all\"><\/iframe> <\/div>\n<\/p><\/div>\n<p><\/code>[\/et_pb_code][et_pb_text admin_label=\u00bbText\u00bb _builder_version=\u00bb4.9.4&#8243; background_size=\u00bbinitial\u00bb background_position=\u00bbtop_left\u00bb background_repeat=\u00bbrepeat\u00bb]<\/p>\n<p><b>Facultad:<\/b> Medicina<br \/><b>Maestr\u00eda:<\/b>\u00a0<span>Maestr\u00eda en Gesti\u00f3n de Calidad en Salud y Seguridad del Paciente<\/span><br \/><b>Materia: <\/b>Bio\u00e9tica<\/p>\n<p><strong>Or\u00edgenes de la Bio\u00e9tica<\/strong><\/p>\n<p><strong> <\/strong><\/p>\n<p><strong><\/strong><span>La <strong>Bio\u00e9tica M\u00e9dica<\/strong> tuvo su origen casi de manera simult\u00e1nea al nacimiento del t\u00e9rmino puesto que en 1971 la<strong> Universidad de Georgetown<\/strong> cre\u00f3 el llamado <strong>\u201cCentro Kennedy para la Investigaci\u00f3n de la Reproducci\u00f3n Humana y Bio\u00e9tica.\u201d<\/strong> Lo que gener\u00f3 el reclamo, sin \u00e9xito, de Potter por el uso del neologismo \u201cbio\u00e9tica\u201d. Este centro infundi\u00f3 a la bio\u00e9tica un sentido muy particular de<strong> \u201c\u00e9tica cl\u00ednica\u201d<\/strong> que surge adem\u00e1s en una controversia sobre el aborto y la Planificaci\u00f3n Familiar, pues se hab\u00eda popularizado el uso de la p\u00edldora anticonceptiva, el mismo gener\u00f3 una gran libertad sexual.<\/span><\/p>\n<p>[\/et_pb_text][\/et_pb_column][\/et_pb_row][et_pb_row _builder_version=\u00bb4.9.10&#8243; _module_preset=\u00bbdefault\u00bb][et_pb_column type=\u00bb4_4&#8243; _builder_version=\u00bb4.9.10&#8243; _module_preset=\u00bbdefault\u00bb][et_pb_text _builder_version=\u00bb4.9.10&#8243; _module_preset=\u00bbdefault\u00bb hover_enabled=\u00bb0&#8243; sticky_enabled=\u00bb0&#8243;]<\/p>\n<p><strong>C\u00f3digo iFrame<\/strong><\/p>\n<p><pre class=\"brush: php; title: ; notranslate\" title=\"\">&lt;div style=\"width: 100%;\"&gt;&lt;div style=\"position: relative; padding-bottom: 56.25%; padding-top: 0; height: 0;\"&gt;&lt;iframe frameborder=\"0\" width=\"1200\" height=\"675\" style=\"position: absolute; top: 0; left: 0; width: 100%; height: 100%;\" src=\"https:\/\/view.genial.ly\/5f80f99ee921420d8cc1b70b\" type=\"text\/html\" allowscriptaccess=\"always\" allowfullscreen=\"true\" scrolling=\"yes\" allownetworking=\"all\"&gt;&lt;\/iframe&gt; &lt;\/div&gt; &lt;\/div&gt;<\/pre>\n<\/p>\n<p>[\/et_pb_text][\/et_pb_column][\/et_pb_row][\/et_pb_section]<\/p>\n","protected":false},"excerpt":{"rendered":"<p>Facultad: MedicinaMaestr\u00eda:\u00a0Maestr\u00eda en Gesti\u00f3n de Calidad en Salud y Seguridad del PacienteMateria: Bio\u00e9tica Or\u00edgenes de la Bio\u00e9tica La Bio\u00e9tica M\u00e9dica tuvo su origen casi de manera simult\u00e1nea al nacimiento del t\u00e9rmino puesto que en 1971 la Universidad de Georgetown cre\u00f3 el llamado \u201cCentro Kennedy para la Investigaci\u00f3n de la Reproducci\u00f3n Humana y Bio\u00e9tica.\u201d Lo que [&hellip;]<\/p>\n","protected":false},"author":13,"featured_media":45,"comment_status":"closed","ping_status":"closed","sticky":false,"template":"","format":"standard","meta":{"_et_pb_use_builder":"on","_et_pb_old_content":"","_et_gb_content_width":"","inline_featured_image":false,"footnotes":""},"categories":[2167,387],"tags":[388,393,394,2177,395,2175,396],"_links":{"self":[{"href":"https:\/\/puceapex.puce.edu.ec\/web\/cev\/wp-json\/wp\/v2\/posts\/5724"}],"collection":[{"href":"https:\/\/puceapex.puce.edu.ec\/web\/cev\/wp-json\/wp\/v2\/posts"}],"about":[{"href":"https:\/\/puceapex.puce.edu.ec\/web\/cev\/wp-json\/wp\/v2\/types\/post"}],"author":[{"embeddable":true,"href":"https:\/\/puceapex.puce.edu.ec\/web\/cev\/wp-json\/wp\/v2\/users\/13"}],"replies":[{"embeddable":true,"href":"https:\/\/puceapex.puce.edu.ec\/web\/cev\/wp-json\/wp\/v2\/comments?post=5724"}],"version-history":[{"count":8,"href":"https:\/\/puceapex.puce.edu.ec\/web\/cev\/wp-json\/wp\/v2\/posts\/5724\/revisions"}],"predecessor-version":[{"id":6879,"href":"https:\/\/puceapex.puce.edu.ec\/web\/cev\/wp-json\/wp\/v2\/posts\/5724\/revisions\/6879"}],"wp:featuredmedia":[{"embeddable":true,"href":"https:\/\/puceapex.puce.edu.ec\/web\/cev\/wp-json\/wp\/v2\/media\/45"}],"wp:attachment":[{"href":"https:\/\/puceapex.puce.edu.ec\/web\/cev\/wp-json\/wp\/v2\/media?parent=5724"}],"wp:term":[{"taxonomy":"category","embeddable":true,"href":"https:\/\/puceapex.puce.edu.ec\/web\/cev\/wp-json\/wp\/v2\/categories?post=5724"},{"taxonomy":"post_tag","embeddable":true,"href":"https:\/\/puceapex.puce.edu.ec\/web\/cev\/wp-json\/wp\/v2\/tags?post=5724"}],"curies":[{"name":"wp","href":"https:\/\/api.w.org\/{rel}","templated":true}]}}