{"id":561,"date":"2021-04-07T16:34:21","date_gmt":"2021-04-07T16:34:21","guid":{"rendered":"https:\/\/nancycrespo.com\/PRUEBAS\/?p=561"},"modified":"2021-04-07T16:34:21","modified_gmt":"2021-04-07T16:34:21","slug":"planeacion-estrategica-de-rrhh","status":"publish","type":"post","link":"https:\/\/puceapex.puce.edu.ec\/web\/cev\/planeacion-estrategica-de-rrhh\/","title":{"rendered":"Planeaci\u00f3n estrat\u00e9gica de RRHH"},"content":{"rendered":"\n<p> <\/p>\n\n\n\n<p><strong>Maestr\u00eda: MAE<\/strong><\/p>\n\n\n\n<p><strong>Asignatura: <\/strong>Gesti\u00f3n de personas y desarrollo del talento humano<\/p>\n\n\n\n<p><strong>&nbsp;Nombre del recurso:<\/strong>Planeaci\u00f3n estrat\u00e9gica de RRHH<\/p>\n\n\n\n<p><strong>Palabras Claves:<\/strong> Planeaci\u00f3n, estrat\u00e9gica, recursos humanos, elementos internos y externos<\/p>\n\n\n\n<p><strong>&nbsp;Descripci\u00f3n:&nbsp;<\/strong> El &nbsp;proceso de an\u00e1lisis de las necesidades de&nbsp;recursos humanos, conforme cambia el entorno interno y externo de la organizaci\u00f3n, y la aplicaci\u00f3n de la&nbsp;estrategia&nbsp;proactiva para asegurar la disponibilidad de&nbsp;recursos humanos&nbsp;que demanda la&nbsp;empresa<\/p>\n\n\n\n<figure class=\"wp-block-embed is-type-wp-embed is-provider-genially wp-block-embed-genially\"><div class=\"wp-block-embed__wrapper\">\n <iframe class=\"wp-embedded-content\" sandbox=\"allow-scripts\" security=\"restricted\" title=\"8 Gestio\u0301n de personas y desarrollo del talento - M1 - Planeaci\u00f3n estrat\u00e9gica RRHH\" frameborder='0' width='1200' height='675' src='https:\/\/view.genial.ly\/5e2f161ac40f84271ddde5dd#?secret=1nqL0G1IhN' data-secret='1nqL0G1IhN' scrolling='yes'><\/iframe>\n<\/div><\/figure>\n\n\n\n<p><strong>Ifarme<\/strong>:&nbsp;&lt;div style=\u00bbwidth: 100%;\u00bb&gt;&lt;div style=\u00bbposition: relative; padding-bottom: 56.25%; padding-top: 0; height: 0;\u00bb&gt;&lt;iframe frameborder=\u00bb0&#8243; width=\u00bb1200px\u00bb height=\u00bb675px\u00bb style=\u00bbposition: absolute; top: 0; left: 0; width: 100%; height: 100%;\u00bb src=\u00bbhttps:\/\/view.genial.ly\/5e2f161ac40f84271ddde5dd\u00bb type=\u00bbtext\/html\u00bb allowscriptaccess=\u00bbalways\u00bb allowfullscreen=\u00bbtrue\u00bb scrolling=\u00bbyes\u00bb allownetworking=\u00bball\u00bb&gt;&lt;\/iframe&gt; &lt;\/div&gt; &lt;\/div&gt;<\/p>\n\n\n\n<p><strong>Referencias:<\/strong>&nbsp; Claves para la gesti\u00f3n del talento&nbsp;&nbsp;<\/p>\n","protected":false},"excerpt":{"rendered":"<p>Maestr\u00eda: MAE Asignatura: Gesti\u00f3n de personas y desarrollo del talento humano &nbsp;Nombre del recurso:Planeaci\u00f3n estrat\u00e9gica de RRHH Palabras Claves: Planeaci\u00f3n, estrat\u00e9gica, recursos humanos, elementos internos y externos &nbsp;Descripci\u00f3n:&nbsp; El &nbsp;proceso de an\u00e1lisis de las necesidades de&nbsp;recursos humanos, conforme cambia el entorno interno y externo de la organizaci\u00f3n, y la aplicaci\u00f3n de la&nbsp;estrategia&nbsp;proactiva para asegurar la [&hellip;]<\/p>\n","protected":false},"author":13,"featured_media":1751,"comment_status":"open","ping_status":"open","sticky":false,"template":"","format":"standard","meta":{"_et_pb_use_builder":"","_et_pb_old_content":"","_et_gb_content_width":"","inline_featured_image":false,"footnotes":""},"categories":[387],"tags":[1098,1099,1100],"_links":{"self":[{"href":"https:\/\/puceapex.puce.edu.ec\/web\/cev\/wp-json\/wp\/v2\/posts\/561"}],"collection":[{"href":"https:\/\/puceapex.puce.edu.ec\/web\/cev\/wp-json\/wp\/v2\/posts"}],"about":[{"href":"https:\/\/puceapex.puce.edu.ec\/web\/cev\/wp-json\/wp\/v2\/types\/post"}],"author":[{"embeddable":true,"href":"https:\/\/puceapex.puce.edu.ec\/web\/cev\/wp-json\/wp\/v2\/users\/13"}],"replies":[{"embeddable":true,"href":"https:\/\/puceapex.puce.edu.ec\/web\/cev\/wp-json\/wp\/v2\/comments?post=561"}],"version-history":[{"count":0,"href":"https:\/\/puceapex.puce.edu.ec\/web\/cev\/wp-json\/wp\/v2\/posts\/561\/revisions"}],"wp:featuredmedia":[{"embeddable":true,"href":"https:\/\/puceapex.puce.edu.ec\/web\/cev\/wp-json\/wp\/v2\/media\/1751"}],"wp:attachment":[{"href":"https:\/\/puceapex.puce.edu.ec\/web\/cev\/wp-json\/wp\/v2\/media?parent=561"}],"wp:term":[{"taxonomy":"category","embeddable":true,"href":"https:\/\/puceapex.puce.edu.ec\/web\/cev\/wp-json\/wp\/v2\/categories?post=561"},{"taxonomy":"post_tag","embeddable":true,"href":"https:\/\/puceapex.puce.edu.ec\/web\/cev\/wp-json\/wp\/v2\/tags?post=561"}],"curies":[{"name":"wp","href":"https:\/\/api.w.org\/{rel}","templated":true}]}}