{"id":5301,"date":"2021-04-08T23:30:50","date_gmt":"2021-04-08T23:30:50","guid":{"rendered":"https:\/\/nancycrespo.com\/PRUEBAS\/?p=837"},"modified":"2021-08-13T16:15:41","modified_gmt":"2021-08-13T16:15:41","slug":"modalidades-de-educacion-virtual","status":"publish","type":"post","link":"https:\/\/puceapex.puce.edu.ec\/web\/cev\/modalidades-de-educacion-virtual\/","title":{"rendered":"Modalidades de educaci\u00f3n virtual"},"content":{"rendered":"[et_pb_section fb_built=\u00bb1&#8243; admin_label=\u00bbsection\u00bb _builder_version=\u00bb3.22&#8243; da_is_popup=\u00bboff\u00bb da_exit_intent=\u00bboff\u00bb da_has_close=\u00bbon\u00bb da_alt_close=\u00bboff\u00bb da_dark_close=\u00bboff\u00bb da_not_modal=\u00bbon\u00bb da_is_singular=\u00bboff\u00bb da_with_loader=\u00bboff\u00bb da_has_shadow=\u00bbon\u00bb da_disable_devices=\u00bboff|off|off\u00bb][et_pb_row admin_label=\u00bbrow\u00bb _builder_version=\u00bb3.25&#8243; background_size=\u00bbinitial\u00bb background_position=\u00bbtop_left\u00bb background_repeat=\u00bbrepeat\u00bb][et_pb_column type=\u00bb4_4&#8243; _builder_version=\u00bb3.25&#8243; custom_padding=\u00bb|||\u00bb custom_padding__hover=\u00bb|||\u00bb][et_pb_text _builder_version=\u00bb4.9.10&#8243; _module_preset=\u00bbdefault\u00bb hover_enabled=\u00bb0&#8243; sticky_enabled=\u00bb0&#8243;]<div style=\"width: 100%;\"><div style=\"position: relative; padding-bottom: 56.25%; padding-top: 0; height: 0;\"><iframe loading=\"lazy\" frameborder=\"0\" width=\"1200px\" height=\"675px\" style=\"position: absolute; top: 0; left: 0; width: 100%; height: 100%;\" src=\"https:\/\/view.genial.ly\/5e221ccf3270b70fbd26739c\" type=\"text\/html\" allowscriptaccess=\"always\" allowfullscreen=\"true\" scrolling=\"yes\" allownetworking=\"all\"><\/iframe> <\/div> <\/div>[\/et_pb_text][et_pb_text admin_label=\u00bbText\u00bb _builder_version=\u00bb3.27.4&#8243; background_size=\u00bbinitial\u00bb background_position=\u00bbtop_left\u00bb background_repeat=\u00bbrepeat\u00bb]<p><\/p>\n<p><\/p>\n<p><\/p>\n<p><strong>Maestr\u00eda: MGAV<\/strong><\/p>\n<p><\/p>\n<p><strong>Facultad:<\/strong><span> Ciencias de la Educaci\u00f3n<\/span><br \/><strong>Maestr\u00eda:<\/strong><span> Maestr\u00eda en gesti\u00f3n del aprendizaje virtual<\/span><br \/><strong>Materia:<\/strong><span>\u00a0<\/span>Teor\u00eda y pr\u00e1ctica de la educaci\u00f3n virtual<\/p>\n<p><!-- \/wp:paragraph --><\/p>\n<p><!-- wp:paragraph --><\/p>\n<p><strong>Nombre del recurso:\u00a0<\/strong>Modalidades de educaci\u00f3n virtual<\/p>\n<p><!-- \/wp:paragraph --><\/p>\n<p><!-- wp:paragraph --><\/p>\n<p><strong>Palabras Claves:\u00a0<\/strong>Modalidad de educaci\u00f3n a distancia, Internet, dispositivos electr\u00f3nicos, modalidad en l\u00ednea o virtual<\/p>\n<p><!-- \/wp:paragraph --><\/p>\n<p><!-- wp:paragraph --><\/p>\n<p><strong>Descripci\u00f3<\/strong>: Una modalidad de educaci\u00f3n a distancia, con acre\u00addita\u00adci\u00f3n institucional, cu\u00adya im\u00adplan\u00adta\u00ad\u00adci\u00f3n y pr\u00e1cticas forma\u00adti\u00advas es\u00adt\u00e1n basadas en el uso acad\u00e9\u00admico de aplicaciones in\u00ad\u00ad\u00adfor\u00ad\u00ad\u00adm\u00e1\u00ad\u00adticas accesibles v\u00eda Inter\u00adnet y\/o por disposi\u00adtivos electr\u00f3\u00adni\u00adco<\/p>\n<p><!-- \/wp:paragraph --><\/p>\n<p><!-- wp:embed {\"url\":\" https:\\\/\\\/view.genial.ly\\\/5e221ccf3270b70fbd26739c\\\/presentation-1-teoria-y-practica-de-m1-modalidades-de-educacion-virtual\",\"type\":\"wp-embed\",\"providerNameSlug\":\"genially\",\"className\":\"\"} --><\/p>\n<figure class=\"wp-block-embed is-type-wp-embed is-provider-genially wp-block-embed-genially\">\n<div class=\"wp-block-embed__wrapper\">https:\/\/view.genial.ly\/5e221ccf3270b70fbd26739c\/presentation-1-teoria-y-practica-de-m1-modalidades-de-educacion-virtual<\/div>\n<\/figure>\n<p><!-- \/wp:embed --><\/p>\n<p><!-- wp:paragraph --><\/p>\n<p><!-- \/wp:paragraph --><\/p>\n<p><!-- wp:paragraph --><\/p>\n<p><strong>Referencias:<\/strong> Davila, A. y (2016). Docencia Interactiva con Moodle. CAP\u00cdTULO 1. Madrid, Espa\u00f1a: Editorial Acad\u00e9mica Espa\u00f1ola.<\/p>\n<p><strong>Iframe<\/strong>: \u200b<\/p>\n<p><!-- \/wp:paragraph --><\/p>[\/et_pb_text][et_pb_text _builder_version=\u00bb4.9.10&#8243; _module_preset=\u00bbdefault\u00bb hover_enabled=\u00bb0&#8243; sticky_enabled=\u00bb0&#8243;]<p><pre class=\"brush: php; title: ; notranslate\" title=\"\">&lt;\/p&gt;\n&lt;div style=&quot;width: 100%;&quot;&gt;\n&lt;div style=&quot;position: relative; padding-bottom: 56.25%; padding-top: 0; height: 0;&quot;&gt;&lt;iframe frameborder=&quot;0&quot; width=&quot;1200px&quot; height=&quot;675px&quot; style=&quot;position: absolute; top: 0; left: 0; width: 100%; height: 100%;&quot; src=&quot;https:\/\/view.genial.ly\/5e221ccf3270b70fbd26739c&quot; type=&quot;text\/html&quot; allowscriptaccess=&quot;always&quot; allowfullscreen=&quot;true&quot; scrolling=&quot;yes&quot; allownetworking=&quot;all&quot;&gt;&lt;\/iframe&gt;&lt;\/div&gt;\n&lt;\/div&gt;\n&lt;p&gt;<\/pre><\/p>[\/et_pb_text][\/et_pb_column][\/et_pb_row][\/et_pb_section]","protected":false},"excerpt":{"rendered":"<p>Una modalidad de educaci\u00f3n a distancia, con acre\u00addita\u00adci\u00f3n institucional, cu\u00adya im\u00adplan\u00adta\u00ad\u00adci\u00f3n y pr\u00e1cticas forma\u00adti\u00advas es\u00adt\u00e1n basadas en el uso acad\u00e9\u00admico de aplicaciones in\u00ad\u00ad\u00adfor\u00ad\u00ad\u00adm\u00e1\u00ad\u00adticas accesibles v\u00eda Inter\u00adnet y\/o por disposi\u00adtivos electr\u00f3\u00adni\u00adco<\/p>\n","protected":false},"author":13,"featured_media":5090,"comment_status":"open","ping_status":"open","sticky":false,"template":"","format":"standard","meta":{"_et_pb_use_builder":"on","_et_pb_old_content":"<!-- wp:paragraph -->\n<p> <\/p>\n<!-- \/wp:paragraph -->\n\n<!-- wp:paragraph -->\n<p><strong>Maestr\u00eda: MGAV<\/strong><\/p>\n<!-- \/wp:paragraph -->\n\n<!-- wp:paragraph -->\n<p><strong>Asignatura:<\/strong> Teor\u00eda y pr\u00e1ctica de la educaci\u00f3n virtual<\/p>\n<!-- \/wp:paragraph -->\n\n<!-- wp:paragraph -->\n<p><strong>Nombre del recurso:&nbsp;<\/strong>Modalidades de educaci\u00f3n virtual<\/p>\n<!-- \/wp:paragraph -->\n\n<!-- wp:paragraph -->\n<p><strong>Palabras Claves:&nbsp;<\/strong>Modalidad de educaci\u00f3n a distancia, Internet, dispositivos electr\u00f3nicos, modalidad en l\u00ednea o virtual<\/p>\n<!-- \/wp:paragraph -->\n\n<!-- wp:paragraph -->\n<p><strong>Descripci\u00f3<\/strong>: Una modalidad de educaci\u00f3n a distancia, con acre\u00addita\u00adci\u00f3n institucional, cu\u00adya im\u00adplan\u00adta\u00ad\u00adci\u00f3n y pr\u00e1cticas forma\u00adti\u00advas es\u00adt\u00e1n basadas en el uso acad\u00e9\u00admico de aplicaciones in\u00ad\u00ad\u00adfor\u00ad\u00ad\u00adm\u00e1\u00ad\u00adticas accesibles v\u00eda Inter\u00adnet y\/o por disposi\u00adtivos electr\u00f3\u00adni\u00adco<\/p>\n<!-- \/wp:paragraph -->\n\n<!-- wp:embed {\"url\":\" https:\/\/view.genial.ly\/5e221ccf3270b70fbd26739c\/presentation-1-teoria-y-practica-de-m1-modalidades-de-educacion-virtual\",\"type\":\"wp-embed\",\"providerNameSlug\":\"genially\",\"className\":\"\"} -->\n<figure class=\"wp-block-embed is-type-wp-embed is-provider-genially wp-block-embed-genially\"><div class=\"wp-block-embed__wrapper\">\n https:\/\/view.genial.ly\/5e221ccf3270b70fbd26739c\/presentation-1-teoria-y-practica-de-m1-modalidades-de-educacion-virtual\n<\/div><\/figure>\n<!-- \/wp:embed -->\n\n<!-- wp:paragraph -->\n<p><strong>Ifarme<\/strong>:&nbsp;&lt;div style=\"width: 100%;\"&gt;&lt;div style=\"position: relative; padding-bottom: 56.25%; padding-top: 0; height: 0;\"&gt;&lt;iframe frameborder=\"0\" width=\"1200px\" height=\"675px\" style=\"position: absolute; top: 0; left: 0; width: 100%; height: 100%;\" src=\"https:\/\/view.genial.ly\/5e221ccf3270b70fbd26739c\" type=\"text\/html\" allowscriptaccess=\"always\" allowfullscreen=\"true\" scrolling=\"yes\" allownetworking=\"all\"&gt;&lt;\/iframe&gt; &lt;\/div&gt; &lt;\/div&gt;<\/p>\n<!-- \/wp:paragraph -->\n\n<!-- wp:paragraph -->\n<p><strong>Referencias:<\/strong> Davila, A. y (2016). Docencia Interactiva con Moodle. CAP\u00cdTULO 1. Madrid, Espa\u00f1a: Editorial Acad\u00e9mica Espa\u00f1ola. \u200b<\/p>\n<!-- \/wp:paragraph -->","_et_gb_content_width":"","inline_featured_image":false,"footnotes":""},"categories":[2158,387],"tags":[1489,949,1490,1491],"_links":{"self":[{"href":"https:\/\/puceapex.puce.edu.ec\/web\/cev\/wp-json\/wp\/v2\/posts\/5301"}],"collection":[{"href":"https:\/\/puceapex.puce.edu.ec\/web\/cev\/wp-json\/wp\/v2\/posts"}],"about":[{"href":"https:\/\/puceapex.puce.edu.ec\/web\/cev\/wp-json\/wp\/v2\/types\/post"}],"author":[{"embeddable":true,"href":"https:\/\/puceapex.puce.edu.ec\/web\/cev\/wp-json\/wp\/v2\/users\/13"}],"replies":[{"embeddable":true,"href":"https:\/\/puceapex.puce.edu.ec\/web\/cev\/wp-json\/wp\/v2\/comments?post=5301"}],"version-history":[{"count":2,"href":"https:\/\/puceapex.puce.edu.ec\/web\/cev\/wp-json\/wp\/v2\/posts\/5301\/revisions"}],"predecessor-version":[{"id":7249,"href":"https:\/\/puceapex.puce.edu.ec\/web\/cev\/wp-json\/wp\/v2\/posts\/5301\/revisions\/7249"}],"wp:featuredmedia":[{"embeddable":true,"href":"https:\/\/puceapex.puce.edu.ec\/web\/cev\/wp-json\/wp\/v2\/media\/5090"}],"wp:attachment":[{"href":"https:\/\/puceapex.puce.edu.ec\/web\/cev\/wp-json\/wp\/v2\/media?parent=5301"}],"wp:term":[{"taxonomy":"category","embeddable":true,"href":"https:\/\/puceapex.puce.edu.ec\/web\/cev\/wp-json\/wp\/v2\/categories?post=5301"},{"taxonomy":"post_tag","embeddable":true,"href":"https:\/\/puceapex.puce.edu.ec\/web\/cev\/wp-json\/wp\/v2\/tags?post=5301"}],"curies":[{"name":"wp","href":"https:\/\/api.w.org\/{rel}","templated":true}]}}