{"id":5194,"date":"2021-03-31T18:38:32","date_gmt":"2021-03-31T18:38:32","guid":{"rendered":"https:\/\/nancycrespo.com\/PRUEBAS\/?p=338"},"modified":"2021-08-06T15:21:26","modified_gmt":"2021-08-06T15:21:26","slug":"determinantes-de-la-salud","status":"publish","type":"post","link":"https:\/\/puceapex.puce.edu.ec\/web\/cev\/determinantes-de-la-salud\/","title":{"rendered":"Determinantes de la Salud"},"content":{"rendered":"[et_pb_section fb_built=\u00bb1&#8243; admin_label=\u00bbsection\u00bb _builder_version=\u00bb3.22&#8243; da_is_popup=\u00bboff\u00bb da_exit_intent=\u00bboff\u00bb da_has_close=\u00bbon\u00bb da_alt_close=\u00bboff\u00bb da_dark_close=\u00bboff\u00bb da_not_modal=\u00bbon\u00bb da_is_singular=\u00bboff\u00bb da_with_loader=\u00bboff\u00bb da_has_shadow=\u00bbon\u00bb da_disable_devices=\u00bboff|off|off\u00bb][et_pb_row admin_label=\u00bbrow\u00bb _builder_version=\u00bb3.25&#8243; background_size=\u00bbinitial\u00bb background_position=\u00bbtop_left\u00bb background_repeat=\u00bbrepeat\u00bb][et_pb_column type=\u00bb4_4&#8243; _builder_version=\u00bb3.25&#8243; custom_padding=\u00bb|||\u00bb custom_padding__hover=\u00bb|||\u00bb][et_pb_text admin_label=\u00bbText\u00bb _builder_version=\u00bb4.9.10&#8243; background_size=\u00bbinitial\u00bb background_position=\u00bbtop_left\u00bb background_repeat=\u00bbrepeat\u00bb hover_enabled=\u00bb0&#8243; sticky_enabled=\u00bb0&#8243;]\n<p><strong>\u00c1rea de Identificaci\u00f3n: <\/strong>Medicina<\/p>\n\n\n\n<p><strong>Maestr\u00eda:<\/strong> Maestr\u00eda en epidemiolog\u00eda para la salud p\u00fablica<\/p>\n\n\n\n<p><strong>Materia:<\/strong> Fundamento de epidemiolog\u00eda<\/p>\n\n\n\n<p><strong>\u00c1rea de Contenido<\/strong><\/p>\n\n\n\n<p><strong>Palabras Clave:<\/strong><\/p>\n\n\n\n<p>Determinantes de la Salud, salud individual y colectiva, caracter\u00edsticas individuales, Dahlgren and Whitehead, Desigualdades sociales en salud\u200b.<\/p>\n\n\n\n<p><strong>Descripci\u00f3n<\/strong><\/p>\n\n\n\n<ul><li>Se denomina al conjunto de procesos que tienen el potencial para generar protecci\u00f3n o da\u00f1o, para la salud individual y colectiva. \u200b<\/li><li>\u00a0Factores complejos que al actuar de manera combinada determinan los niveles de salud de los individuos y comunidades. \u200b<\/li><li>\u00a0Se refiere a las interacciones entre las caracter\u00edsticas individuales, los factores sociales y econ\u00f3micos, y los entornos f\u00edsicos, en estrecha relaci\u00f3n con la distribuci\u00f3n de la riqueza en la poblaci\u00f3n y no solo con su producci\u00f3n.\u00a0<\/li><\/ul>\n\n\n\n<p><strong>Enlace Iframe:<\/strong><\/p>\n\n\n<pre class=\"brush: php; title: ; notranslate\" title=\"\">&lt;div style=&quot;width: 100%;&quot;&gt;&lt;div style=&quot;position: relative; padding-bottom: 56.25%; padding-top: 0; height: 0;&quot;&gt;&lt;iframe frameborder=&quot;0&quot; width=&quot;1200&quot; height=&quot;675&quot; style=&quot;position: absolute; top: 0; left: 0; width: 100%; height: 100%;&quot; src=&quot;https:\/\/view.genial.ly\/5f832dc83d2ac00d150e7e86&quot; type=&quot;text\/html&quot; allowscriptaccess=&quot;always&quot; allowfullscreen=&quot;true&quot; scrolling=&quot;yes&quot; allownetworking=&quot;all&quot;&gt;&lt;\/iframe&gt; &lt;\/div&gt; &lt;\/div&gt;<\/pre>\n\n\n<figure class=\"wp-block-embed is-type-wp-embed is-provider-genially wp-block-embed-genially\"><div class=\"wp-block-embed__wrapper\">\n<iframe class=\"wp-embedded-content\" sandbox=\"allow-scripts\" security=\"restricted\" title=\"ME - 1 - M2 - R1\" frameborder='0' width='1200' height='675' src='https:\/\/view.genial.ly\/5f832dc83d2ac00d150e7e86#?secret=k3YgHynWqm' data-secret='k3YgHynWqm' scrolling='yes'><\/iframe>\n<\/div><\/figure>\n\n\n\n<p><\/p>\n\n\n\n<p><\/p>\n[\/et_pb_text][\/et_pb_column][\/et_pb_row][\/et_pb_section]","protected":false},"excerpt":{"rendered":"<p>Se denomina al conjunto de procesos que tienen el potencial para generar protecci\u00f3n o da\u00f1o, para la salud individual y colectiva. \u200b<br \/>\n Factores complejos que al actuar de manera combinada determinan los niveles de salud de los individuos y comunidades. \u200b<br \/>\n Se refiere a las interacciones entre las caracter\u00edsticas individuales, los factores sociales y econ\u00f3micos, y los entornos f\u00edsicos, en estrecha relaci\u00f3n con la distribuci\u00f3n de la riqueza en la poblaci\u00f3n y no solo con su producci\u00f3n. <\/p>\n","protected":false},"author":13,"featured_media":339,"comment_status":"open","ping_status":"open","sticky":false,"template":"","format":"standard","meta":{"_et_pb_use_builder":"on","_et_pb_old_content":"<!-- wp:paragraph -->\n<p><strong>\u00c1rea de Identificaci\u00f3n<\/strong><\/p>\n<!-- \/wp:paragraph -->\n\n<!-- wp:paragraph -->\n<p>Maestr\u00eda: MESP<\/p>\n<!-- \/wp:paragraph -->\n\n<!-- wp:paragraph -->\n<p>Materia: Fundamento de epidemiolog\u00eda<\/p>\n<!-- \/wp:paragraph -->\n\n<!-- wp:paragraph -->\n<p><strong>\u00c1rea de Contenido<\/strong><\/p>\n<!-- \/wp:paragraph -->\n\n<!-- wp:paragraph -->\n<p>Palabras Clave:<\/p>\n<!-- \/wp:paragraph -->\n\n<!-- wp:paragraph -->\n<p>Determinantes de la Salud, salud individual y colectiva, caracter\u00edsticas individuales, Dahlgren and Whitehead, Desigualdades sociales en salud\u200b.<\/p>\n<!-- \/wp:paragraph -->\n\n<!-- wp:paragraph -->\n<p>Descripci\u00f3n<\/p>\n<!-- \/wp:paragraph -->\n\n<!-- wp:list -->\n<ul><li>Se denomina al conjunto de procesos que tienen el potencial para generar protecci\u00f3n o da\u00f1o, para la salud individual y colectiva. \u200b<\/li><li>\u00a0Factores complejos que al actuar de manera combinada determinan los niveles de salud de los individuos y comunidades. \u200b<\/li><li>\u00a0Se refiere a las interacciones entre las caracter\u00edsticas individuales, los factores sociales y econ\u00f3micos, y los entornos f\u00edsicos, en estrecha relaci\u00f3n con la distribuci\u00f3n de la riqueza en la poblaci\u00f3n y no solo con su producci\u00f3n.\u00a0<\/li><\/ul>\n<!-- \/wp:list -->\n\n<!-- wp:paragraph -->\n<p>Enlace Eframe:<\/p>\n<!-- \/wp:paragraph -->\n\n<!-- wp:embed {\"url\":\"https:\/\/view.genial.ly\/5f832dc83d2ac00d150e7e86\",\"type\":\"wp-embed\",\"providerNameSlug\":\"genially\",\"className\":\"\"} -->\n<figure class=\"wp-block-embed is-type-wp-embed is-provider-genially wp-block-embed-genially\"><div class=\"wp-block-embed__wrapper\">\nhttps:\/\/view.genial.ly\/5f832dc83d2ac00d150e7e86\n<\/div><\/figure>\n<!-- \/wp:embed -->\n\n<!-- wp:paragraph -->\n<p><\/p>\n<!-- \/wp:paragraph -->\n\n<!-- wp:paragraph -->\n<p><\/p>\n<!-- \/wp:paragraph -->","_et_gb_content_width":"","inline_featured_image":false,"footnotes":""},"categories":[2167,387],"tags":[775,776,777,778,2230,2179,779],"_links":{"self":[{"href":"https:\/\/puceapex.puce.edu.ec\/web\/cev\/wp-json\/wp\/v2\/posts\/5194"}],"collection":[{"href":"https:\/\/puceapex.puce.edu.ec\/web\/cev\/wp-json\/wp\/v2\/posts"}],"about":[{"href":"https:\/\/puceapex.puce.edu.ec\/web\/cev\/wp-json\/wp\/v2\/types\/post"}],"author":[{"embeddable":true,"href":"https:\/\/puceapex.puce.edu.ec\/web\/cev\/wp-json\/wp\/v2\/users\/13"}],"replies":[{"embeddable":true,"href":"https:\/\/puceapex.puce.edu.ec\/web\/cev\/wp-json\/wp\/v2\/comments?post=5194"}],"version-history":[{"count":3,"href":"https:\/\/puceapex.puce.edu.ec\/web\/cev\/wp-json\/wp\/v2\/posts\/5194\/revisions"}],"predecessor-version":[{"id":6662,"href":"https:\/\/puceapex.puce.edu.ec\/web\/cev\/wp-json\/wp\/v2\/posts\/5194\/revisions\/6662"}],"wp:featuredmedia":[{"embeddable":true,"href":"https:\/\/puceapex.puce.edu.ec\/web\/cev\/wp-json\/wp\/v2\/media\/339"}],"wp:attachment":[{"href":"https:\/\/puceapex.puce.edu.ec\/web\/cev\/wp-json\/wp\/v2\/media?parent=5194"}],"wp:term":[{"taxonomy":"category","embeddable":true,"href":"https:\/\/puceapex.puce.edu.ec\/web\/cev\/wp-json\/wp\/v2\/categories?post=5194"},{"taxonomy":"post_tag","embeddable":true,"href":"https:\/\/puceapex.puce.edu.ec\/web\/cev\/wp-json\/wp\/v2\/tags?post=5194"}],"curies":[{"name":"wp","href":"https:\/\/api.w.org\/{rel}","templated":true}]}}