{"id":5150,"date":"2021-03-26T18:56:08","date_gmt":"2021-03-26T18:56:08","guid":{"rendered":"https:\/\/nancycrespo.com\/PRUEBAS\/?p=74"},"modified":"2021-08-02T19:10:20","modified_gmt":"2021-08-02T19:10:20","slug":"problemas-eticos-del-final-de-la-vida","status":"publish","type":"post","link":"https:\/\/puceapex.puce.edu.ec\/web\/cev\/problemas-eticos-del-final-de-la-vida\/","title":{"rendered":"Problemas \u00e9ticos del final de la vida"},"content":{"rendered":"[et_pb_section fb_built=\u00bb1&#8243; admin_label=\u00bbsection\u00bb _builder_version=\u00bb3.22&#8243; da_disable_devices=\u00bboff|off|off\u00bb da_is_popup=\u00bboff\u00bb da_exit_intent=\u00bboff\u00bb da_has_close=\u00bbon\u00bb da_alt_close=\u00bboff\u00bb da_dark_close=\u00bboff\u00bb da_not_modal=\u00bbon\u00bb da_is_singular=\u00bboff\u00bb da_with_loader=\u00bboff\u00bb da_has_shadow=\u00bbon\u00bb][et_pb_row admin_label=\u00bbrow\u00bb _builder_version=\u00bb3.25&#8243; background_size=\u00bbinitial\u00bb background_position=\u00bbtop_left\u00bb background_repeat=\u00bbrepeat\u00bb][et_pb_column type=\u00bb4_4&#8243; _builder_version=\u00bb3.25&#8243; custom_padding=\u00bb|||\u00bb custom_padding__hover=\u00bb|||\u00bb][et_pb_text admin_label=\u00bbText\u00bb _builder_version=\u00bb4.9.10&#8243; background_size=\u00bbinitial\u00bb background_position=\u00bbtop_left\u00bb background_repeat=\u00bbrepeat\u00bb hover_enabled=\u00bb0&#8243; sticky_enabled=\u00bb0&#8243;]\n<p><strong>\u00c1rea de identificaci\u00f3n: <\/strong>Medicina<\/p>\n\n\n\n<p><strong>Maestr\u00eda:<\/strong>Maestr\u00eda en gesti\u00f3n de calidad en salud y seguridad del paciente<\/p>\n\n\n\n<p><strong>Materia:<\/strong> Bio\u00e9tica<\/p>\n\n\n\n<p><strong>\u00c1rea Contenido: <\/strong><\/p>\n\n\n\n<p><strong>Palabras Clave: <\/strong><\/p>\n\n\n\n<p>Problemas \u00e9ticos,  final de la vida, EUTANASIA, BIO\u00c9TICA, Karen Ann Quinlan<\/p>\n\n\n\n<p><strong>Descripci\u00f3n: <\/strong><\/p>\n\n\n\n<p>La \u00fanica certeza de un ser humano cuando empieza a tener el llamado \u201cuso de raz\u00f3n\u201d es que su existencia no es eterna y que en cualquier momento concluir\u00e1 en muerte. Un tema que mientras el individuo es adolescente, joven, y adulto, generalmente lo esquiva y prefiere no hablar de \u00e9l; conforme se acerca la ancianidad el tema ya no puede ser mentalmente ignorado tanto por las circunstancias individuales como las familiares y sociales que lo rodean. No significa que ya no haya temor; lo hay pero tambi\u00e9n el hecho de la muerte, es m\u00e1s entendido y aceptado<\/p>\n\n\n\n<p>Enlace Eframe:<\/p>\n\n\n\n<pre class=\"brush: php; title: ; notranslate\" title=\"\">&lt;div style=&quot;width: 100%;&quot;&gt;&lt;div style=&quot;position: relative; padding-bottom: 56.25%; padding-top: 0; height: 0;&quot;&gt;&lt;iframe frameborder=&quot;0&quot; width=&quot;1200&quot; height=&quot;675&quot; style=&quot;position: absolute; top: 0; left: 0; width: 100%; height: 100%;&quot; src=&quot;https:\/\/view.genial.ly\/5f83cb953d2ac00d150e875d&quot; type=&quot;text\/html&quot; allowscriptaccess=&quot;always&quot; allowfullscreen=&quot;true&quot; scrolling=&quot;yes&quot; allownetworking=&quot;all&quot;&gt;&lt;\/iframe&gt; &lt;\/div&gt; &lt;\/div&gt;<\/pre>\n\n\n\n<figure class=\"wp-block-embed is-type-wp-embed is-provider-genially wp-block-embed-genially\"><div class=\"wp-block-embed__wrapper\">\n<iframe class=\"wp-embedded-content\" sandbox=\"allow-scripts\" security=\"restricted\" title=\"MGCSSP M5 R2\" frameborder='0' width='1200' height='675' src='https:\/\/view.genial.ly\/5f83cb953d2ac00d150e875d#?secret=cMppxmGB1B' data-secret='cMppxmGB1B' scrolling='yes'><\/iframe>\n<\/div><\/figure>\n\n\n\n<p><strong>\u00c1rea de Menci\u00f3n de Responsabilidad<\/strong><\/p>\n\n\n\n<p>Referencia:<\/p>\n\n\n\n<ul><li>Arenas L\u00f3pez, A et al. (1998) \u00bfSe deshumaniza la muerte en el hospital? Cuadernos de Bio\u00e9tica 1998\/4a Espa\u00f1a. Recuperado de http:\/\/aebioetica.org\/revistas\/1998\/4\/36\/693.pdf<\/li><li>Sanz Rubiales, A. (2006) Actitudes ante el final de la vida en los profesionales de la sanidad Cuad. Bio\u00e9t. XVII, 2006\/2\u00aa Espa\u00f1a. Recuperado de: http:\/\/aebioetica.org\/revistas\/2006\/17\/2\/60\/215.pdf<\/li><li>Mil\u00e1n, MD. (2001). Aspectos bio\u00e9ticos en el enfermo en estado vegetativo permanente. Cuadernos de Bio\u00e9tica&nbsp; 2001\/1B Espa\u00f1a. Recuperado de: http:\/\/aebioetica.org\/revistas\/2001\/1\/44\/70.pdf<\/li><li>Rodrigues G\u00f3mes, AM. (2010). El cuidador y el enfermo en el final de la vida -familia y\/o persona significativa. Enferm. glob.&nbsp; no.18 Murcia feb. 2010. Espa\u00f1a. Recuperado de: http:\/\/scielo.isciii.es\/scielo.php?script=sci_arttext&amp;pid=S1695-61412010000100022<\/li><li>Serrano-Ruiz Calder\u00f3n. (2019)\u00bfExiste el derecho a morir? Cuadernos de Bio\u00e9tica. 2019; 30(98): 55-64 Espa\u00f1a. Recuperado de: http:\/\/aebioetica.org\/revistas\/2019\/30\/98\/55.pdf<\/li><\/ul>\n[\/et_pb_text][\/et_pb_column][\/et_pb_row][\/et_pb_section]","protected":false},"excerpt":{"rendered":"<p>La \u00fanica certeza de un ser humano cuando empieza a tener el llamado \u201cuso de raz\u00f3n\u201d es que su existencia no es eterna y que en cualquier momento concluir\u00e1 en muerte. Un tema que mientras el individuo es adolescente, joven, y adulto, generalmente lo esquiva y prefiere no hablar de \u00e9l; conforme se acerca la ancianidad el tema ya no puede ser mentalmente ignorado tanto por las circunstancias individuales como las familiares y sociales que lo rodean. No significa que ya no haya temor; lo hay pero tambi\u00e9n el hecho de la muerte, es m\u00e1s entendido y aceptado<\/p>\n","protected":false},"author":13,"featured_media":75,"comment_status":"open","ping_status":"open","sticky":false,"template":"","format":"standard","meta":{"_et_pb_use_builder":"on","_et_pb_old_content":"<!-- wp:paragraph -->\n<p><strong>\u00c1rea de identificaci\u00f3n: <\/strong><\/p>\n<!-- \/wp:paragraph -->\n\n<!-- wp:paragraph -->\n<p><strong>Maestr\u00eda:<\/strong> MGCSSP<\/p>\n<!-- \/wp:paragraph -->\n\n<!-- wp:paragraph -->\n<p><strong>Materia:<\/strong> Bio\u00e9tica<\/p>\n<!-- \/wp:paragraph -->\n\n<!-- wp:paragraph -->\n<p><strong>\u00c1rea Contenido: <\/strong><\/p>\n<!-- \/wp:paragraph -->\n\n<!-- wp:paragraph -->\n<p><strong>Palabras Clave: <\/strong><\/p>\n<!-- \/wp:paragraph -->\n\n<!-- wp:paragraph -->\n<p>Problemas \u00e9ticos,  final de la vida, EUTANASIA, BIO\u00c9TICA, Karen Ann Quinlan<\/p>\n<!-- \/wp:paragraph -->\n\n<!-- wp:paragraph -->\n<p><strong>Descripci\u00f3n: <\/strong><\/p>\n<!-- \/wp:paragraph -->\n\n<!-- wp:paragraph -->\n<p>La \u00fanica certeza de un ser humano cuando empieza a tener el llamado \u201cuso de raz\u00f3n\u201d es que su existencia no es eterna y que en cualquier momento concluir\u00e1 en muerte. Un tema que mientras el individuo es adolescente, joven, y adulto, generalmente lo esquiva y prefiere no hablar de \u00e9l; conforme se acerca la ancianidad el tema ya no puede ser mentalmente ignorado tanto por las circunstancias individuales como las familiares y sociales que lo rodean. No significa que ya no haya temor; lo hay pero tambi\u00e9n el hecho de la muerte, es m\u00e1s entendido y aceptado<\/p>\n<!-- \/wp:paragraph -->\n\n<!-- wp:paragraph -->\n<p>Enlace Eframe:<\/p>\n<!-- \/wp:paragraph -->\n\n<!-- wp:embed {\"url\":\"https:\/\/view.genial.ly\/5f83cb953d2ac00d150e875d\",\"type\":\"wp-embed\",\"providerNameSlug\":\"genially\",\"className\":\"\"} -->\n<figure class=\"wp-block-embed is-type-wp-embed is-provider-genially wp-block-embed-genially\"><div class=\"wp-block-embed__wrapper\">\nhttps:\/\/view.genial.ly\/5f83cb953d2ac00d150e875d\n<\/div><\/figure>\n<!-- \/wp:embed -->\n\n<!-- wp:paragraph -->\n<p><strong>\u00c1rea de Menci\u00f3n de Responsabilidad<\/strong><\/p>\n<!-- \/wp:paragraph -->\n\n<!-- wp:paragraph -->\n<p>Referencia:<\/p>\n<!-- \/wp:paragraph -->\n\n<!-- wp:list -->\n<ul><li>Arenas L\u00f3pez, A et al. (1998) \u00bfSe deshumaniza la muerte en el hospital? Cuadernos de Bio\u00e9tica 1998\/4a Espa\u00f1a. Recuperado de http:\/\/aebioetica.org\/revistas\/1998\/4\/36\/693.pdf<\/li><li>Sanz Rubiales, A. (2006) Actitudes ante el final de la vida en los profesionales de la sanidad Cuad. Bio\u00e9t. XVII, 2006\/2\u00aa Espa\u00f1a. Recuperado de: http:\/\/aebioetica.org\/revistas\/2006\/17\/2\/60\/215.pdf<\/li><li>Mil\u00e1n, MD. (2001). Aspectos bio\u00e9ticos en el enfermo en estado vegetativo permanente. Cuadernos de Bio\u00e9tica&nbsp; 2001\/1B Espa\u00f1a. Recuperado de: http:\/\/aebioetica.org\/revistas\/2001\/1\/44\/70.pdf<\/li><li>Rodrigues G\u00f3mes, AM. (2010). El cuidador y el enfermo en el final de la vida -familia y\/o persona significativa. Enferm. glob.&nbsp; no.18 Murcia feb. 2010. Espa\u00f1a. Recuperado de: http:\/\/scielo.isciii.es\/scielo.php?script=sci_arttext&amp;pid=S1695-61412010000100022<\/li><li>Serrano-Ruiz Calder\u00f3n. (2019)\u00bfExiste el derecho a morir? Cuadernos de Bio\u00e9tica. 2019; 30(98): 55-64 Espa\u00f1a. Recuperado de: http:\/\/aebioetica.org\/revistas\/2019\/30\/98\/55.pdf<\/li><\/ul>\n<!-- \/wp:list -->","_et_gb_content_width":"","inline_featured_image":false,"footnotes":""},"categories":[2167,387],"tags":[388,435,436,437,2177,2175,432],"_links":{"self":[{"href":"https:\/\/puceapex.puce.edu.ec\/web\/cev\/wp-json\/wp\/v2\/posts\/5150"}],"collection":[{"href":"https:\/\/puceapex.puce.edu.ec\/web\/cev\/wp-json\/wp\/v2\/posts"}],"about":[{"href":"https:\/\/puceapex.puce.edu.ec\/web\/cev\/wp-json\/wp\/v2\/types\/post"}],"author":[{"embeddable":true,"href":"https:\/\/puceapex.puce.edu.ec\/web\/cev\/wp-json\/wp\/v2\/users\/13"}],"replies":[{"embeddable":true,"href":"https:\/\/puceapex.puce.edu.ec\/web\/cev\/wp-json\/wp\/v2\/comments?post=5150"}],"version-history":[{"count":4,"href":"https:\/\/puceapex.puce.edu.ec\/web\/cev\/wp-json\/wp\/v2\/posts\/5150\/revisions"}],"predecessor-version":[{"id":6112,"href":"https:\/\/puceapex.puce.edu.ec\/web\/cev\/wp-json\/wp\/v2\/posts\/5150\/revisions\/6112"}],"wp:featuredmedia":[{"embeddable":true,"href":"https:\/\/puceapex.puce.edu.ec\/web\/cev\/wp-json\/wp\/v2\/media\/75"}],"wp:attachment":[{"href":"https:\/\/puceapex.puce.edu.ec\/web\/cev\/wp-json\/wp\/v2\/media?parent=5150"}],"wp:term":[{"taxonomy":"category","embeddable":true,"href":"https:\/\/puceapex.puce.edu.ec\/web\/cev\/wp-json\/wp\/v2\/categories?post=5150"},{"taxonomy":"post_tag","embeddable":true,"href":"https:\/\/puceapex.puce.edu.ec\/web\/cev\/wp-json\/wp\/v2\/tags?post=5150"}],"curies":[{"name":"wp","href":"https:\/\/api.w.org\/{rel}","templated":true}]}}