{"id":4868,"date":"2021-05-10T21:08:20","date_gmt":"2021-05-10T21:08:20","guid":{"rendered":"https:\/\/nancycrespo.com\/PRUEBAS\/?p=3188"},"modified":"2021-07-21T20:43:08","modified_gmt":"2021-07-21T20:43:08","slug":"comportamiento-espacial-de-la-covid-19-en-ecuador-2","status":"publish","type":"post","link":"https:\/\/puceapex.puce.edu.ec\/web\/cev\/comportamiento-espacial-de-la-covid-19-en-ecuador-2\/","title":{"rendered":"Comportamiento espacial de la COVID &#8211; 19 en Ecuador"},"content":{"rendered":"<p>[et_pb_section fb_built=\u00bb1&#8243; admin_label=\u00bbsection\u00bb _builder_version=\u00bb3.22&#8243; da_disable_devices=\u00bboff|off|off\u00bb da_is_popup=\u00bboff\u00bb da_exit_intent=\u00bboff\u00bb da_has_close=\u00bbon\u00bb da_alt_close=\u00bboff\u00bb da_dark_close=\u00bboff\u00bb da_not_modal=\u00bbon\u00bb da_is_singular=\u00bboff\u00bb da_with_loader=\u00bboff\u00bb da_has_shadow=\u00bbon\u00bb][et_pb_row admin_label=\u00bbrow\u00bb _builder_version=\u00bb3.25&#8243; background_size=\u00bbinitial\u00bb background_position=\u00bbtop_left\u00bb background_repeat=\u00bbrepeat\u00bb][et_pb_column type=\u00bb4_4&#8243; _builder_version=\u00bb3.25&#8243; custom_padding=\u00bb|||\u00bb custom_padding__hover=\u00bb|||\u00bb][et_pb_video src=\u00bbhttps:\/\/m.youtube.com\/watch?v=zqcASe_S3MI\u00bb _builder_version=\u00bb4.9.4&#8243; _module_preset=\u00bbdefault\u00bb][\/et_pb_video][et_pb_text admin_label=\u00bbText\u00bb _builder_version=\u00bb4.9.4&#8243; background_size=\u00bbinitial\u00bb background_position=\u00bbtop_left\u00bb background_repeat=\u00bbrepeat\u00bb hover_enabled=\u00bb0&#8243; sticky_enabled=\u00bb0&#8243;]<strong>Facultad:<\/strong><span>\u00a0Medicina<\/span><br \/>\n<strong>Maestr\u00eda:<\/strong><span>\u00a0Maestr\u00eda en Epidemiolog\u00eda para la salud p\u00fablica<\/span><\/p>\n<p>Descripci\u00f3n: PUCEVirtual Maestr\u00eda en Urbanismo en conjunto con La Oficina de Transferencia de Conocimiento e Innovaci\u00f3n Social y La Facultad de Arquitectura, Dise\u00f1o y Artes tienen el honor de invitarle a la serie de webinarios Repensar la ciudad postpandemia, con la charla: Comportamiento espacial de COVID en Ecuador con la participaci\u00f3n de Francisco Hurtado<\/p>\n<p><!-- \/wp:paragraph -->[\/et_pb_text][\/et_pb_column][\/et_pb_row][\/et_pb_section]<\/p>\n","protected":false},"excerpt":{"rendered":"<p>Facultad:\u00a0Medicina Maestr\u00eda:\u00a0Maestr\u00eda en Epidemiolog\u00eda para la salud p\u00fablica Descripci\u00f3n: PUCEVirtual Maestr\u00eda en Urbanismo en conjunto con La Oficina de Transferencia de Conocimiento e Innovaci\u00f3n Social y La Facultad de Arquitectura, Dise\u00f1o y Artes tienen el honor de invitarle a la serie de webinarios Repensar la ciudad postpandemia, con la charla: Comportamiento espacial de COVID en [&hellip;]<\/p>\n","protected":false},"author":13,"featured_media":4682,"comment_status":"open","ping_status":"open","sticky":false,"template":"","format":"standard","meta":{"_et_pb_use_builder":"on","_et_pb_old_content":"<!-- wp:embed {\"url\":\" https:\/\/m.youtube.com\/watch?v=zqcASe_S3MI\",\"type\":\"video\",\"providerNameSlug\":\"youtube\",\"responsive\":true,\"className\":\"wp-embed-aspect-16-9 wp-has-aspect-ratio\"} -->\n<figure class=\"wp-block-embed is-type-video is-provider-youtube wp-block-embed-youtube wp-embed-aspect-16-9 wp-has-aspect-ratio\"><div class=\"wp-block-embed__wrapper\">\n https:\/\/m.youtube.com\/watch?v=zqcASe_S3MI\n<\/div><\/figure>\n<!-- \/wp:embed -->\n\n<!-- wp:paragraph -->\n<p>Descripci\u00f3n:PUCEVirtual Maestr\u00eda en Urbanismo en conjunto con La Oficina de Transferencia de Conocimiento e Innovaci\u00f3n Social y La Facultad de Arquitectura, Dise\u00f1o y Artes tienen el honor de invitarle a la serie de webinarios Repensar la ciudad postpandemia, con la charla: Comportamiento espacial de COVID en Ecuador con la participaci\u00f3n de Francisco Hurtado<\/p>\n<!-- \/wp:paragraph -->","_et_gb_content_width":"","inline_featured_image":false,"footnotes":""},"categories":[2167,38],"tags":[194,246,114,2179],"_links":{"self":[{"href":"https:\/\/puceapex.puce.edu.ec\/web\/cev\/wp-json\/wp\/v2\/posts\/4868"}],"collection":[{"href":"https:\/\/puceapex.puce.edu.ec\/web\/cev\/wp-json\/wp\/v2\/posts"}],"about":[{"href":"https:\/\/puceapex.puce.edu.ec\/web\/cev\/wp-json\/wp\/v2\/types\/post"}],"author":[{"embeddable":true,"href":"https:\/\/puceapex.puce.edu.ec\/web\/cev\/wp-json\/wp\/v2\/users\/13"}],"replies":[{"embeddable":true,"href":"https:\/\/puceapex.puce.edu.ec\/web\/cev\/wp-json\/wp\/v2\/comments?post=4868"}],"version-history":[{"count":3,"href":"https:\/\/puceapex.puce.edu.ec\/web\/cev\/wp-json\/wp\/v2\/posts\/4868\/revisions"}],"predecessor-version":[{"id":5631,"href":"https:\/\/puceapex.puce.edu.ec\/web\/cev\/wp-json\/wp\/v2\/posts\/4868\/revisions\/5631"}],"wp:featuredmedia":[{"embeddable":true,"href":"https:\/\/puceapex.puce.edu.ec\/web\/cev\/wp-json\/wp\/v2\/media\/4682"}],"wp:attachment":[{"href":"https:\/\/puceapex.puce.edu.ec\/web\/cev\/wp-json\/wp\/v2\/media?parent=4868"}],"wp:term":[{"taxonomy":"category","embeddable":true,"href":"https:\/\/puceapex.puce.edu.ec\/web\/cev\/wp-json\/wp\/v2\/categories?post=4868"},{"taxonomy":"post_tag","embeddable":true,"href":"https:\/\/puceapex.puce.edu.ec\/web\/cev\/wp-json\/wp\/v2\/tags?post=4868"}],"curies":[{"name":"wp","href":"https:\/\/api.w.org\/{rel}","templated":true}]}}