{"id":4268,"date":"2021-05-06T14:32:23","date_gmt":"2021-05-06T14:32:23","guid":{"rendered":"https:\/\/puceapex.puce.edu.ec\/web\/cev\/?p=4268"},"modified":"2021-05-07T06:39:36","modified_gmt":"2021-05-07T06:39:36","slug":"impactos-del-covid-en-la-agenda-urbana-como-deberian-ser-las-ciudades-postpandemia","status":"publish","type":"post","link":"https:\/\/puceapex.puce.edu.ec\/web\/cev\/impactos-del-covid-en-la-agenda-urbana-como-deberian-ser-las-ciudades-postpandemia\/","title":{"rendered":"Impactos del COVID en la agenda urbana: \u00bfc\u00f3mo deber\u00edan ser las ciudades postpandemia?"},"content":{"rendered":"<p>[et_pb_section fb_built=\u00bb1&#8243; _builder_version=\u00bb4.9.3&#8243; _module_preset=\u00bbdefault\u00bb da_disable_devices=\u00bboff|off|off\u00bb da_is_popup=\u00bboff\u00bb da_exit_intent=\u00bboff\u00bb da_has_close=\u00bbon\u00bb da_alt_close=\u00bboff\u00bb da_dark_close=\u00bboff\u00bb da_not_modal=\u00bbon\u00bb da_is_singular=\u00bboff\u00bb da_with_loader=\u00bboff\u00bb da_has_shadow=\u00bbon\u00bb][et_pb_row _builder_version=\u00bb4.9.3&#8243; _module_preset=\u00bbdefault\u00bb][et_pb_column type=\u00bb4_4&#8243; _builder_version=\u00bb4.9.3&#8243; _module_preset=\u00bbdefault\u00bb][et_pb_video src=\u00bbhttps:\/\/www.youtube.com\/watch?v=XzWj4QGGBHE&#038;list=PLcHD7Vk-wnZP1qTX8UKXcw3gdKNf6E36v&#038;index=10&#8243; _builder_version=\u00bb4.9.4&#8243; _module_preset=\u00bbdefault\u00bb][\/et_pb_video][et_pb_post_title meta=\u00bboff\u00bb _builder_version=\u00bb4.9.4&#8243; _module_preset=\u00bbdefault\u00bb hover_enabled=\u00bb0&#8243; featured_image=\u00bboff\u00bb sticky_enabled=\u00bb0&#8243;][\/et_pb_post_title][et_pb_text _builder_version=\u00bb4.9.4&#8243; _module_preset=\u00bbdefault\u00bb]<\/p>\n<p><span>PUCEVirtual Maestr\u00eda en Urbanismo tienen el honor de invitarle al webinario Impactos del COVID en la agenda urbana: \u00bfc\u00f3mo deber\u00edan ser las ciudades postpandemia?<\/span><\/p>\n<p><span><strong>Moderador:<\/strong> Augusto Barrera G<\/span><\/p>\n<p><span><strong>Expositores:<\/strong> Alicia Williner y Ricard Gom\u00e1 Carmona<\/span><\/p>\n<p>[\/et_pb_text][\/et_pb_column][\/et_pb_row][\/et_pb_section]<\/p>\n","protected":false},"excerpt":{"rendered":"<p>PUCEVirtual Maestr\u00eda en Urbanismo tienen el honor de invitarle al webinario Impactos del COVID en la agenda urbana: \u00bfc\u00f3mo deber\u00edan ser las ciudades postpandemia? Moderador: Augusto Barrera G Expositores: Alicia Williner y Ricard Gom\u00e1 Carmona<\/p>\n","protected":false},"author":13,"featured_media":4275,"comment_status":"closed","ping_status":"closed","sticky":false,"template":"","format":"standard","meta":{"_et_pb_use_builder":"on","_et_pb_old_content":"","_et_gb_content_width":"","inline_featured_image":false,"footnotes":""},"categories":[5],"tags":[],"_links":{"self":[{"href":"https:\/\/puceapex.puce.edu.ec\/web\/cev\/wp-json\/wp\/v2\/posts\/4268"}],"collection":[{"href":"https:\/\/puceapex.puce.edu.ec\/web\/cev\/wp-json\/wp\/v2\/posts"}],"about":[{"href":"https:\/\/puceapex.puce.edu.ec\/web\/cev\/wp-json\/wp\/v2\/types\/post"}],"author":[{"embeddable":true,"href":"https:\/\/puceapex.puce.edu.ec\/web\/cev\/wp-json\/wp\/v2\/users\/13"}],"replies":[{"embeddable":true,"href":"https:\/\/puceapex.puce.edu.ec\/web\/cev\/wp-json\/wp\/v2\/comments?post=4268"}],"version-history":[{"count":4,"href":"https:\/\/puceapex.puce.edu.ec\/web\/cev\/wp-json\/wp\/v2\/posts\/4268\/revisions"}],"predecessor-version":[{"id":4284,"href":"https:\/\/puceapex.puce.edu.ec\/web\/cev\/wp-json\/wp\/v2\/posts\/4268\/revisions\/4284"}],"wp:featuredmedia":[{"embeddable":true,"href":"https:\/\/puceapex.puce.edu.ec\/web\/cev\/wp-json\/wp\/v2\/media\/4275"}],"wp:attachment":[{"href":"https:\/\/puceapex.puce.edu.ec\/web\/cev\/wp-json\/wp\/v2\/media?parent=4268"}],"wp:term":[{"taxonomy":"category","embeddable":true,"href":"https:\/\/puceapex.puce.edu.ec\/web\/cev\/wp-json\/wp\/v2\/categories?post=4268"},{"taxonomy":"post_tag","embeddable":true,"href":"https:\/\/puceapex.puce.edu.ec\/web\/cev\/wp-json\/wp\/v2\/tags?post=4268"}],"curies":[{"name":"wp","href":"https:\/\/api.w.org\/{rel}","templated":true}]}}