{"id":341,"date":"2021-03-31T18:54:50","date_gmt":"2021-03-31T18:54:50","guid":{"rendered":"https:\/\/nancycrespo.com\/PRUEBAS\/?p=341"},"modified":"2021-08-19T22:04:02","modified_gmt":"2021-08-19T22:04:02","slug":"historia-de-la-epidemiologia","status":"publish","type":"post","link":"https:\/\/puceapex.puce.edu.ec\/web\/cev\/historia-de-la-epidemiologia\/","title":{"rendered":"Historia de la Epidemiolog\u00eda"},"content":{"rendered":"[et_pb_section fb_built=\u00bb1&#8243; admin_label=\u00bbsection\u00bb _builder_version=\u00bb3.22&#8243; da_disable_devices=\u00bboff|off|off\u00bb da_is_popup=\u00bboff\u00bb da_exit_intent=\u00bboff\u00bb da_has_close=\u00bbon\u00bb da_alt_close=\u00bboff\u00bb da_dark_close=\u00bboff\u00bb da_not_modal=\u00bbon\u00bb da_is_singular=\u00bboff\u00bb da_with_loader=\u00bboff\u00bb da_has_shadow=\u00bbon\u00bb][et_pb_row admin_label=\u00bbrow\u00bb _builder_version=\u00bb3.25&#8243; background_size=\u00bbinitial\u00bb background_position=\u00bbtop_left\u00bb background_repeat=\u00bbrepeat\u00bb][et_pb_column type=\u00bb4_4&#8243; _builder_version=\u00bb3.25&#8243; custom_padding=\u00bb|||\u00bb custom_padding__hover=\u00bb|||\u00bb][et_pb_text admin_label=\u00bbText\u00bb _builder_version=\u00bb4.9.10&#8243; background_size=\u00bbinitial\u00bb background_position=\u00bbtop_left\u00bb background_repeat=\u00bbrepeat\u00bb hover_enabled=\u00bb0&#8243; sticky_enabled=\u00bb0&#8243;]\n<p><strong>\u00c1rea de Identificaci\u00f3n:<\/strong> Medicina<\/p>\n\n\n\n<p><strong>Maestr\u00eda:<\/strong> Maestr\u00eda en epidemiolog\u00eda para la salud p\u00fablica\n<\/p>\n\n\n\n<p><strong>Materia:<\/strong> Fundamentos de epidemiolog\u00eda<\/p>\n\n\n\n<p><strong>\u00c1rea de Contenido<\/strong><\/p>\n\n\n\n<p><strong>Palabras Clave:<\/strong> <\/p>\n\n\n\n<p>Historia de la Epidemiolog\u00eda, R\u00e9gimen demogr\u00e1fico, TRANSICI\u00d3N EPIDEMIOL\u00d3GICA\u200b, PATRONES EPIDEMIOL\u00d3GICOS, PESTE NEGRA<\/p>\n\n\n\n<p><strong>Descripci\u00f3n:<\/strong><\/p>\n\n\n\n<ul><li>Disciplina cient\u00edfica encargada de estudia a enfermedad y su influencia sobre las din\u00e1micas poblacionales\u200b<\/li><li>Estudia la distribuci\u00f3n, a lo largo del tiempo y del espacio, de los estados de salud y enfermedad, as\u00ed como los factores que los determinan<\/li><\/ul>\n\n\n\n<p><strong>\u00a0Enlace Iframe:<\/strong><\/p>\n\n\n<pre class=\"brush: php; title: ; notranslate\" title=\"\">&lt;div style=&quot;width: 100%;&quot;&gt;&lt;div style=&quot;position: relative; padding-bottom: 56.25%; padding-top: 0; height: 0;&quot;&gt;&lt;iframe frameborder=&quot;0&quot; width=&quot;1200&quot; height=&quot;675&quot; style=&quot;position: absolute; top: 0; left: 0; width: 100%; height: 100%;&quot; src=&quot;https:\/\/view.genial.ly\/5f832dc9a7ff2b0d165e564a&quot; type=&quot;text\/html&quot; allowscriptaccess=&quot;always&quot; allowfullscreen=&quot;true&quot; scrolling=&quot;yes&quot; allownetworking=&quot;all&quot;&gt;&lt;\/iframe&gt; &lt;\/div&gt; &lt;\/div&gt;<\/pre>\n\n<div style=\"width: 100%;\"><div style=\"position: relative; padding-bottom: 56.25%; padding-top: 0; height: 0;\"><iframe loading=\"lazy\" frameborder=\"0\" width=\"1200\" height=\"675\" style=\"position: absolute; top: 0; left: 0; width: 100%; height: 100%;\" src=\"https:\/\/view.genial.ly\/5f832dc9a7ff2b0d165e564a\" type=\"text\/html\" allowscriptaccess=\"always\" allowfullscreen=\"true\" scrolling=\"yes\" allownetworking=\"all\"><\/iframe> <\/div> <\/div>\n\n\n<figure class=\"wp-block-embed is-type-wp-embed is-provider-genially wp-block-embed-genially\"><div class=\"wp-block-embed__wrapper\">\nhttps:\/\/view.genial.ly\/5f832dc9a7ff2b0d165e564a\n<\/div><\/figure>\n\n\n\n<p><\/p>\n\n\n\n<p><\/p>\n[\/et_pb_text][\/et_pb_column][\/et_pb_row][\/et_pb_section]","protected":false},"excerpt":{"rendered":"<p>Disciplina cient\u00edfica encargada de estudia a enfermedad y su influencia sobre las din\u00e1micas poblacionales\u200b<br \/>\nEstudia la distribuci\u00f3n, a lo largo del tiempo y del espacio, de los estados de salud y enfermedad, as\u00ed como los factores que los determinan<\/p>\n","protected":false},"author":13,"featured_media":342,"comment_status":"open","ping_status":"open","sticky":false,"template":"","format":"standard","meta":{"_et_pb_use_builder":"on","_et_pb_old_content":"<!-- wp:paragraph -->\n<p><strong>\u00c1rea de Identificaci\u00f3n<\/strong><\/p>\n<!-- \/wp:paragraph -->\n\n<!-- wp:paragraph -->\n<p>Maestr\u00eda: MESP<\/p>\n<!-- \/wp:paragraph -->\n\n<!-- wp:paragraph -->\n<p>Materia: Fundamentos de epidemiolog\u00eda<\/p>\n<!-- \/wp:paragraph -->\n\n<!-- wp:paragraph -->\n<p><strong>\u00c1rea de Contenido<\/strong><\/p>\n<!-- \/wp:paragraph -->\n\n<!-- wp:paragraph -->\n<p>Palabras Clave: <\/p>\n<!-- \/wp:paragraph -->\n\n<!-- wp:paragraph -->\n<p>Historia de la Epidemiolog\u00eda, R\u00e9gimen demogr\u00e1fico, TRANSICI\u00d3N EPIDEMIOL\u00d3GICA\u200b, PATRONES EPIDEMIOL\u00d3GICOS, PESTE NEGRA<\/p>\n<!-- \/wp:paragraph -->\n\n<!-- wp:paragraph -->\n<p>Descripci\u00f3n:<\/p>\n<!-- \/wp:paragraph -->\n\n<!-- wp:list -->\n<ul><li>Disciplina cient\u00edfica encargada de estudia a enfermedad y su influencia sobre las din\u00e1micas poblacionales\u200b<\/li><li>Estudia la distribuci\u00f3n, a lo largo del tiempo y del espacio, de los estados de salud y enfermedad, as\u00ed como los factores que los determinan<\/li><\/ul>\n<!-- \/wp:list -->\n\n<!-- wp:paragraph -->\n<p>\u00a0Enlace Eframe:<\/p>\n<!-- \/wp:paragraph -->\n\n<!-- wp:embed {\"url\":\"https:\/\/view.genial.ly\/5f832dc9a7ff2b0d165e564a\",\"type\":\"wp-embed\",\"providerNameSlug\":\"genially\",\"className\":\"\"} -->\n<figure class=\"wp-block-embed is-type-wp-embed is-provider-genially wp-block-embed-genially\"><div class=\"wp-block-embed__wrapper\">\nhttps:\/\/view.genial.ly\/5f832dc9a7ff2b0d165e564a\n<\/div><\/figure>\n<!-- \/wp:embed -->\n\n<!-- wp:paragraph -->\n<p><\/p>\n<!-- \/wp:paragraph -->\n\n<!-- wp:paragraph -->\n<p><\/p>\n<!-- \/wp:paragraph -->","_et_gb_content_width":"","inline_featured_image":false,"footnotes":""},"categories":[2167,387],"tags":[780,2179,781,782,783,784],"_links":{"self":[{"href":"https:\/\/puceapex.puce.edu.ec\/web\/cev\/wp-json\/wp\/v2\/posts\/341"}],"collection":[{"href":"https:\/\/puceapex.puce.edu.ec\/web\/cev\/wp-json\/wp\/v2\/posts"}],"about":[{"href":"https:\/\/puceapex.puce.edu.ec\/web\/cev\/wp-json\/wp\/v2\/types\/post"}],"author":[{"embeddable":true,"href":"https:\/\/puceapex.puce.edu.ec\/web\/cev\/wp-json\/wp\/v2\/users\/13"}],"replies":[{"embeddable":true,"href":"https:\/\/puceapex.puce.edu.ec\/web\/cev\/wp-json\/wp\/v2\/comments?post=341"}],"version-history":[{"count":3,"href":"https:\/\/puceapex.puce.edu.ec\/web\/cev\/wp-json\/wp\/v2\/posts\/341\/revisions"}],"predecessor-version":[{"id":6666,"href":"https:\/\/puceapex.puce.edu.ec\/web\/cev\/wp-json\/wp\/v2\/posts\/341\/revisions\/6666"}],"wp:featuredmedia":[{"embeddable":true,"href":"https:\/\/puceapex.puce.edu.ec\/web\/cev\/wp-json\/wp\/v2\/media\/342"}],"wp:attachment":[{"href":"https:\/\/puceapex.puce.edu.ec\/web\/cev\/wp-json\/wp\/v2\/media?parent=341"}],"wp:term":[{"taxonomy":"category","embeddable":true,"href":"https:\/\/puceapex.puce.edu.ec\/web\/cev\/wp-json\/wp\/v2\/categories?post=341"},{"taxonomy":"post_tag","embeddable":true,"href":"https:\/\/puceapex.puce.edu.ec\/web\/cev\/wp-json\/wp\/v2\/tags?post=341"}],"curies":[{"name":"wp","href":"https:\/\/api.w.org\/{rel}","templated":true}]}}