{"id":2577,"date":"2020-07-16T20:16:46","date_gmt":"2020-07-16T20:16:46","guid":{"rendered":"https:\/\/puceapex.puce.edu.ec\/web\/cev\/?p=2577"},"modified":"2020-08-18T16:25:15","modified_gmt":"2020-08-18T16:25:15","slug":"ciclo-de-capacitacion-manejo-del-eva-puce","status":"publish","type":"post","link":"https:\/\/puceapex.puce.edu.ec\/web\/cev\/ciclo-de-capacitacion-manejo-del-eva-puce\/","title":{"rendered":"Ciclo de capacitaci\u00f3n &#8211; Manejo del EVA PUCE"},"content":{"rendered":"<p>[et_pb_section fb_built=\u00bb1&#8243; _builder_version=\u00bb4.4.8&#8243;][et_pb_row column_structure=\u00bb1_2,1_2&#8243; _builder_version=\u00bb4.4.8&#8243;][et_pb_column type=\u00bb1_2&#8243; _builder_version=\u00bb4.4.8&#8243;][et_pb_image src=\u00bbhttps:\/\/puceapex.puce.edu.ec\/web\/cev\/wp-content\/uploads\/sites\/12\/2020\/07\/capmeva.png\u00bb title_text=\u00bbcapmeva\u00bb _builder_version=\u00bb4.4.8&#8243;][\/et_pb_image][\/et_pb_column][et_pb_column type=\u00bb1_2&#8243; _builder_version=\u00bb4.4.8&#8243;][et_pb_text _builder_version=\u00bb4.4.8&#8243;]<\/p>\n<p style=\"text-align: justify\">Reciban una cordial bienvenida al Ciclo 1 de capacitaci\u00f3n sobre el Manejo del EVA.<br \/> Este curso comprende 10 horas de capacitaci\u00f3n a desarrollarse a trav\u00e9s de videoconferencia.<br \/> Se realiz\u00f3 desde el 13 al 17 de julio, en el horario de 18h00 a 20h00.<\/p>\n<p>El curso cuenta con un aula de pr\u00e1ctica en Sandbox, puede ingresar por este enlace:<span>\u00a0<\/span><a href=\"https:\/\/aulabase.puce.edu.ec\/\" target=\"_blank\" rel=\"noopener noreferrer\" data-auth=\"NotApplicable\">https:\/\/aulabase.puce.edu.ec\/<\/a><span>\u00a0<\/span>Su usuario y contrase\u00f1a es su n\u00famero de c\u00e9dula.<\/p>\n<p>Si necesita ayuda puede contactarse a:<span>\u00a0<\/span><a href=\"mailto:soportevirtual@puce.edu.ec\" target=\"_blank\" rel=\"noopener noreferrer\" data-auth=\"NotApplicable\">soportevirtual@puce.edu.ec<\/a><\/p>\n<p>[\/et_pb_text][\/et_pb_column][\/et_pb_row][et_pb_row column_structure=\u00bb1_2,1_2&#8243; _builder_version=\u00bb4.4.8&#8243;][et_pb_column type=\u00bb1_2&#8243; _builder_version=\u00bb4.4.8&#8243;][et_pb_text _builder_version=\u00bb4.4.8&#8243;]<\/p>\n<h1><span style=\"color: #00c6dd\"><strong>Lunes<\/strong><\/span><\/h1>\n<ul>\n<li>Familiarizaci\u00f3n con el aula base.<\/li>\n<li>Edici\u00f3n de perfil.<\/li>\n<li>Secciones.<\/li>\n<li>Soporte t\u00e9cnico.<\/li>\n<li>Turnitin.<\/li>\n<li>Aula de recursos.<\/li>\n<\/ul>\n<p>[\/et_pb_text][\/et_pb_column][et_pb_column type=\u00bb1_2&#8243; _builder_version=\u00bb4.4.8&#8243;][et_pb_video src=\u00bbhttps:\/\/youtu.be\/I3z_XPu2UZ8&#8243; _builder_version=\u00bb4.4.8&#8243;][\/et_pb_video][\/et_pb_column][\/et_pb_row][et_pb_row column_structure=\u00bb1_2,1_2&#8243; _builder_version=\u00bb4.4.8&#8243;][et_pb_column type=\u00bb1_2&#8243; _builder_version=\u00bb4.4.8&#8243;][et_pb_text _builder_version=\u00bb4.4.8&#8243;]<\/p>\n<h1><span style=\"color: #00c6dd\"><strong>Martes<\/strong><\/span><\/h1>\n<ul>\n<li>Comunicaci\u00f3n en ambientes virtuales.<\/li>\n<li>Generaci\u00f3n de Recursos de Aprendizaje.<\/li>\n<li>Retroalimentaci\u00f3n<\/li>\n<li>Soporte t\u00e9cnico.<\/li>\n<li>Evaluaci\u00f3n en el EVA.<\/li>\n<\/ul>\n<ul><\/ul>\n<p>[\/et_pb_text][\/et_pb_column][et_pb_column type=\u00bb1_2&#8243; _builder_version=\u00bb4.4.8&#8243;][et_pb_video src=\u00bbhttps:\/\/youtu.be\/LnykuaiODtk\u00bb _builder_version=\u00bb4.4.8&#8243;][\/et_pb_video][\/et_pb_column][\/et_pb_row][et_pb_row column_structure=\u00bb1_2,1_2&#8243; _builder_version=\u00bb4.4.8&#8243;][et_pb_column type=\u00bb1_2&#8243; _builder_version=\u00bb4.4.8&#8243;][et_pb_text _builder_version=\u00bb4.4.8&#8243;]<\/p>\n<h1><span style=\"color: #00c6dd\"><strong>Miercoles<\/strong><\/span><\/h1>\n<ul>\n<li>Herramientas virtuales.<\/li>\n<li>Creaci\u00f3n de actividades de aprendizaje en el EVA: Tareas, foros y cuestionarios.<\/li>\n<\/ul>\n<ul><\/ul>\n<p>[\/et_pb_text][\/et_pb_column][et_pb_column type=\u00bb1_2&#8243; _builder_version=\u00bb4.4.8&#8243;][et_pb_video src=\u00bbhttps:\/\/youtu.be\/Ncdeo98raV8&#8243; _builder_version=\u00bb4.4.8&#8243;][\/et_pb_video][\/et_pb_column][\/et_pb_row][et_pb_row column_structure=\u00bb1_2,1_2&#8243; _builder_version=\u00bb4.4.8&#8243;][et_pb_column type=\u00bb1_2&#8243; _builder_version=\u00bb4.4.8&#8243;][et_pb_text _builder_version=\u00bb4.4.8&#8243;]<\/p>\n<h1><span style=\"color: #00c6dd\"><strong>Jueves<\/strong><\/span><\/h1>\n<ul>\n<li>Crear etiquetas.<\/li>\n<li>Subir videos.<\/li>\n<li>Subir URL.<\/li>\n<li>Crear Lecci\u00f3n.<\/li>\n<\/ul>\n<ul><\/ul>\n<p>[\/et_pb_text][\/et_pb_column][et_pb_column type=\u00bb1_2&#8243; _builder_version=\u00bb4.4.8&#8243;][et_pb_video src=\u00bbhttps:\/\/youtu.be\/r-4SO_UATQk\u00bb _builder_version=\u00bb4.4.8&#8243;][\/et_pb_video][\/et_pb_column][\/et_pb_row][et_pb_row column_structure=\u00bb1_2,1_2&#8243; _builder_version=\u00bb4.4.8&#8243;][et_pb_column type=\u00bb1_2&#8243; _builder_version=\u00bb4.4.8&#8243;][et_pb_text _builder_version=\u00bb4.4.8&#8243;]<\/p>\n<h1><span style=\"color: #00c6dd\"><strong>Viernes<\/strong><\/span><\/h1>\n<ul>\n<li>Herramientas para el trabajo colaborativo.<\/li>\n<li>Libreta de calificaciones.<\/li>\n<\/ul>\n<ul><\/ul>\n<p>[\/et_pb_text][\/et_pb_column][et_pb_column type=\u00bb1_2&#8243; _builder_version=\u00bb4.4.8&#8243;][et_pb_video src=\u00bbhttps:\/\/youtu.be\/HqtmGQCRAEY\u00bb _builder_version=\u00bb4.5.1&#8243; hover_enabled=\u00bb0&#8243;][\/et_pb_video][\/et_pb_column][\/et_pb_row][\/et_pb_section]<\/p>\n","protected":false},"excerpt":{"rendered":"<p>Reciban una cordial bienvenida al Ciclo 1 de capacitaci\u00f3n sobre el Manejo del EVA. Este curso comprende 10 horas de capacitaci\u00f3n a desarrollarse a trav\u00e9s de videoconferencia. Se realiz\u00f3 desde el 13 al 17 de julio, en el horario de 18h00 a 20h00. El curso cuenta con un aula de pr\u00e1ctica en Sandbox, puede ingresar [&hellip;]<\/p>\n","protected":false},"author":13,"featured_media":0,"comment_status":"closed","ping_status":"closed","sticky":false,"template":"","format":"standard","meta":{"_et_pb_use_builder":"on","_et_pb_old_content":"","_et_gb_content_width":"","inline_featured_image":false,"footnotes":""},"categories":[12],"tags":[],"_links":{"self":[{"href":"https:\/\/puceapex.puce.edu.ec\/web\/cev\/wp-json\/wp\/v2\/posts\/2577"}],"collection":[{"href":"https:\/\/puceapex.puce.edu.ec\/web\/cev\/wp-json\/wp\/v2\/posts"}],"about":[{"href":"https:\/\/puceapex.puce.edu.ec\/web\/cev\/wp-json\/wp\/v2\/types\/post"}],"author":[{"embeddable":true,"href":"https:\/\/puceapex.puce.edu.ec\/web\/cev\/wp-json\/wp\/v2\/users\/13"}],"replies":[{"embeddable":true,"href":"https:\/\/puceapex.puce.edu.ec\/web\/cev\/wp-json\/wp\/v2\/comments?post=2577"}],"version-history":[{"count":7,"href":"https:\/\/puceapex.puce.edu.ec\/web\/cev\/wp-json\/wp\/v2\/posts\/2577\/revisions"}],"predecessor-version":[{"id":2638,"href":"https:\/\/puceapex.puce.edu.ec\/web\/cev\/wp-json\/wp\/v2\/posts\/2577\/revisions\/2638"}],"wp:attachment":[{"href":"https:\/\/puceapex.puce.edu.ec\/web\/cev\/wp-json\/wp\/v2\/media?parent=2577"}],"wp:term":[{"taxonomy":"category","embeddable":true,"href":"https:\/\/puceapex.puce.edu.ec\/web\/cev\/wp-json\/wp\/v2\/categories?post=2577"},{"taxonomy":"post_tag","embeddable":true,"href":"https:\/\/puceapex.puce.edu.ec\/web\/cev\/wp-json\/wp\/v2\/tags?post=2577"}],"curies":[{"name":"wp","href":"https:\/\/api.w.org\/{rel}","templated":true}]}}