{"id":2340,"date":"2021-05-04T18:57:27","date_gmt":"2021-05-04T18:57:27","guid":{"rendered":"https:\/\/nancycrespo.com\/PRUEBAS\/?p=2340"},"modified":"2021-08-24T17:36:43","modified_gmt":"2021-08-24T17:36:43","slug":"ciclo-de-capacitacion-eva-puce-sesion-2","status":"publish","type":"post","link":"https:\/\/puceapex.puce.edu.ec\/web\/cev\/ciclo-de-capacitacion-eva-puce-sesion-2\/","title":{"rendered":"Ciclo de capacitaci\u00f3n EVA PUCE &#8211; sesi\u00f3n 2"},"content":{"rendered":"<p>[et_pb_section fb_built=\u00bb1&#8243; admin_label=\u00bbsection\u00bb _builder_version=\u00bb3.22&#8243; da_is_popup=\u00bboff\u00bb da_exit_intent=\u00bboff\u00bb da_has_close=\u00bbon\u00bb da_alt_close=\u00bboff\u00bb da_dark_close=\u00bboff\u00bb da_not_modal=\u00bbon\u00bb da_is_singular=\u00bboff\u00bb da_with_loader=\u00bboff\u00bb da_has_shadow=\u00bbon\u00bb da_disable_devices=\u00bboff|off|off\u00bb][et_pb_row admin_label=\u00bbrow\u00bb _builder_version=\u00bb3.25&#8243; background_size=\u00bbinitial\u00bb background_position=\u00bbtop_left\u00bb background_repeat=\u00bbrepeat\u00bb][et_pb_column type=\u00bb4_4&#8243; _builder_version=\u00bb3.25&#8243; custom_padding=\u00bb|||\u00bb custom_padding__hover=\u00bb|||\u00bb][et_pb_text _builder_version=\u00bb4.9.10&#8243; _module_preset=\u00bbdefault\u00bb hover_enabled=\u00bb0&#8243; sticky_enabled=\u00bb0&#8243;]<iframe loading=\"lazy\" width=\"560\" height=\"315\" src=\"https:\/\/www.youtube.com\/embed\/LnykuaiODtk\" title=\"YouTube video player\" frameborder=\"0\" allow=\"accelerometer; autoplay; clipboard-write; encrypted-media; gyroscope; picture-in-picture\" allowfullscreen><\/iframe>[\/et_pb_text][et_pb_text admin_label=\u00bbText\u00bb _builder_version=\u00bb4.9.10&#8243; background_size=\u00bbinitial\u00bb background_position=\u00bbtop_left\u00bb background_repeat=\u00bbrepeat\u00bb hover_enabled=\u00bb0&#8243; sticky_enabled=\u00bb0&#8243;]Palabras Clave: Ciclo de capacitaci\u00f3n EVA PUCE &#8211; sesi\u00f3n 2.<\/p>\n<p>Inferir las implicaciones y trascendencia de la educaci\u00f3n de adultos en ambientes virtuales y sus par\u00e1metros de diferenciaci\u00f3n con otros modelos educativos<br \/>\nConocer y ejecutar las pol\u00edticas propias de la PUCE sobre el manejo de aulas virtuales y sus m\u00ednimos de calidad en procesos.<br \/>\nIdentificar procesos y herramientas nativas de la plataforma y del programa, para mantener una adecuada comunicaci\u00f3n en ambientes virtuales.<br \/>\nEntender e identificar el funcionamiento y sentido pedag\u00f3gico, did\u00e1ctico y tecnol\u00f3gico de la estructura de las aulas virtuales, tanto en sus bloques de contenidos, como en la distribuci\u00f3n de secciones en cada m\u00f3dulo.<br \/>\n[\/et_pb_text][et_pb_text _builder_version=\u00bb4.9.10&#8243; _module_preset=\u00bbdefault\u00bb hover_enabled=\u00bb0&#8243; sticky_enabled=\u00bb0&#8243;]<\/p>\n<p><pre class=\"brush: php; title: ; notranslate\" title=\"\">&lt;iframe width=&quot;560&quot; height=&quot;315&quot; src=&quot;https:\/\/www.youtube.com\/embed\/LnykuaiODtk&quot; title=&quot;YouTube video player&quot; frameborder=&quot;0&quot; allow=&quot;accelerometer; autoplay; clipboard-write; encrypted-media; gyroscope; picture-in-picture&quot; allowfullscreen=&quot;&quot;&gt;&lt;\/iframe&gt;<\/pre>\n<\/p>\n<p>[\/et_pb_text][\/et_pb_column][\/et_pb_row][\/et_pb_section]<\/p>\n","protected":false},"excerpt":{"rendered":"<p>Palabras Clave: Ciclo de capacitaci\u00f3n EVA PUCE &#8211; sesi\u00f3n 2. Inferir las implicaciones y trascendencia de la educaci\u00f3n de adultos en ambientes virtuales y sus par\u00e1metros de diferenciaci\u00f3n con otros modelos educativos Conocer y ejecutar las pol\u00edticas propias de la PUCE sobre el manejo de aulas virtuales y sus m\u00ednimos de calidad en procesos. Identificar [&hellip;]<\/p>\n","protected":false},"author":13,"featured_media":2342,"comment_status":"open","ping_status":"open","sticky":false,"template":"","format":"standard","meta":{"_et_pb_use_builder":"on","_et_pb_old_content":"<!-- wp:paragraph -->\n<p>Palabras Clave: Ciclo de capacitaci\u00f3n EVA PUCE - sesi\u00f3n 2, <\/p>\n<!-- \/wp:paragraph -->\n\n<!-- wp:embed {\"url\":\"https:\/\/youtu.be\/LnykuaiODtk\",\"type\":\"video\",\"providerNameSlug\":\"youtube\",\"responsive\":true,\"className\":\"wp-embed-aspect-16-9 wp-has-aspect-ratio\"} -->\n<figure class=\"wp-block-embed is-type-video is-provider-youtube wp-block-embed-youtube wp-embed-aspect-16-9 wp-has-aspect-ratio\"><div class=\"wp-block-embed__wrapper\">\nhttps:\/\/youtu.be\/LnykuaiODtk\n<\/div><\/figure>\n<!-- \/wp:embed -->","_et_gb_content_width":"","inline_featured_image":false,"footnotes":""},"categories":[2172,38],"tags":[213],"_links":{"self":[{"href":"https:\/\/puceapex.puce.edu.ec\/web\/cev\/wp-json\/wp\/v2\/posts\/2340"}],"collection":[{"href":"https:\/\/puceapex.puce.edu.ec\/web\/cev\/wp-json\/wp\/v2\/posts"}],"about":[{"href":"https:\/\/puceapex.puce.edu.ec\/web\/cev\/wp-json\/wp\/v2\/types\/post"}],"author":[{"embeddable":true,"href":"https:\/\/puceapex.puce.edu.ec\/web\/cev\/wp-json\/wp\/v2\/users\/13"}],"replies":[{"embeddable":true,"href":"https:\/\/puceapex.puce.edu.ec\/web\/cev\/wp-json\/wp\/v2\/comments?post=2340"}],"version-history":[{"count":2,"href":"https:\/\/puceapex.puce.edu.ec\/web\/cev\/wp-json\/wp\/v2\/posts\/2340\/revisions"}],"predecessor-version":[{"id":7969,"href":"https:\/\/puceapex.puce.edu.ec\/web\/cev\/wp-json\/wp\/v2\/posts\/2340\/revisions\/7969"}],"wp:featuredmedia":[{"embeddable":true,"href":"https:\/\/puceapex.puce.edu.ec\/web\/cev\/wp-json\/wp\/v2\/media\/2342"}],"wp:attachment":[{"href":"https:\/\/puceapex.puce.edu.ec\/web\/cev\/wp-json\/wp\/v2\/media?parent=2340"}],"wp:term":[{"taxonomy":"category","embeddable":true,"href":"https:\/\/puceapex.puce.edu.ec\/web\/cev\/wp-json\/wp\/v2\/categories?post=2340"},{"taxonomy":"post_tag","embeddable":true,"href":"https:\/\/puceapex.puce.edu.ec\/web\/cev\/wp-json\/wp\/v2\/tags?post=2340"}],"curies":[{"name":"wp","href":"https:\/\/api.w.org\/{rel}","templated":true}]}}