{"id":1122,"date":"2021-04-14T01:43:36","date_gmt":"2021-04-14T01:43:36","guid":{"rendered":"https:\/\/nancycrespo.com\/PRUEBAS\/?p=1122"},"modified":"2021-08-18T03:02:56","modified_gmt":"2021-08-18T03:02:56","slug":"habilidades-comunicativas-en-linea","status":"publish","type":"post","link":"https:\/\/puceapex.puce.edu.ec\/web\/cev\/habilidades-comunicativas-en-linea\/","title":{"rendered":"Habilidades comunicativas en l\u00ednea"},"content":{"rendered":"<p>[et_pb_section fb_built=\u00bb1&#8243; _builder_version=\u00bb3.22&#8243; da_is_popup=\u00bboff\u00bb da_exit_intent=\u00bboff\u00bb da_has_close=\u00bbon\u00bb da_alt_close=\u00bboff\u00bb da_dark_close=\u00bboff\u00bb da_not_modal=\u00bbon\u00bb da_is_singular=\u00bboff\u00bb da_with_loader=\u00bboff\u00bb da_has_shadow=\u00bbon\u00bb da_disable_devices=\u00bboff|off|off\u00bb][et_pb_row _builder_version=\u00bb3.25&#8243; background_size=\u00bbinitial\u00bb background_position=\u00bbtop_left\u00bb background_repeat=\u00bbrepeat\u00bb][et_pb_column type=\u00bb4_4&#8243; _builder_version=\u00bb3.25&#8243; custom_padding=\u00bb|||\u00bb custom_padding__hover=\u00bb|||\u00bb][et_pb_text _builder_version=\u00bb4.9.10&#8243; background_size=\u00bbinitial\u00bb background_position=\u00bbtop_left\u00bb background_repeat=\u00bbrepeat\u00bb hover_enabled=\u00bb0&#8243; sticky_enabled=\u00bb0&#8243;]<\/p>\n<p><!-- divi:paragraph --><strong>Maestr\u00eda: MGAV<\/strong><\/p>\n<p><!-- \/divi:paragraph --><\/p>\n<p><!-- divi:paragraph --><strong>Asignatura:<\/strong> Tutor\u00eda en el elearning<\/p>\n<p><!-- \/divi:paragraph --><\/p>\n<p><!-- divi:paragraph --><strong>Nombre del recurso:\u00a0<\/strong>Habilidades comunicativas en l\u00ednea<\/p>\n<p><!-- \/divi:paragraph --><\/p>\n<p><!-- divi:paragraph --><strong>Palabras Claves:\u00a0<\/strong>Habilidades comunicativas en l\u00ednea, educaci\u00f3n virtual, estilo Cort\u00e9s, capacidad de mantener el ritmo, responder r\u00e1pido los mensajes<\/p>\n<p><!-- \/divi:paragraph --><\/p>\n<p><!-- divi:paragraph --><strong>Descripci\u00f3n:<\/strong> Entre las habilidades necesarias con que debe contar un docente o tutor virtual est\u00e1n las relacionadas con la comunicaci\u00f3n a trav\u00e9s de ambientes virtuales para realizar un proceso de tutorizaci\u00f3n adecuado.\u200b<\/p>\n<p><!-- \/divi:embed --><\/p>\n<p><!-- \/divi:list --><\/p>\n<p>[\/et_pb_text][\/et_pb_column][\/et_pb_row][et_pb_row _builder_version=\u00bb4.9.10&#8243; _module_preset=\u00bbdefault\u00bb][et_pb_column _builder_version=\u00bb4.9.10&#8243; _module_preset=\u00bbdefault\u00bb type=\u00bb4_4&#8243;][et_pb_code _builder_version=\u00bb4.9.10&#8243; _module_preset=\u00bbdefault\u00bb hover_enabled=\u00bb0&#8243; sticky_enabled=\u00bb0&#8243;]<code><\/p>\n<div style=\"width: 100%;\">\n<div style=\"position: relative; padding-bottom: 56.25%; padding-top: 0; height: 0;\"><iframe loading=\"lazy\" frameborder=\"0\" width=\"1200px\" height=\"675px\" style=\"position: absolute; top: 0; left: 0; width: 100%; height: 100%;\" src=\"https:\/\/view.genial.ly\/5e38522e5cd3b056b0b21a19\" type=\"text\/html\" allowscriptaccess=\"always\" allowfullscreen=\"true\" scrolling=\"yes\" allownetworking=\"all\"><\/iframe> <\/div>\n<\/p><\/div>\n<p><\/code>[\/et_pb_code][\/et_pb_column][\/et_pb_row][et_pb_row _builder_version=\u00bb4.9.10&#8243; _module_preset=\u00bbdefault\u00bb][et_pb_column _builder_version=\u00bb4.9.10&#8243; _module_preset=\u00bbdefault\u00bb type=\u00bb4_4&#8243;][et_pb_text _builder_version=\u00bb4.9.10&#8243; _module_preset=\u00bbdefault\u00bb hover_enabled=\u00bb0&#8243; sticky_enabled=\u00bb0&#8243;]iFrame:<\/p>\n<pre class=\"brush: php; title: ; notranslate\" title=\"\">&lt;div style=&quot;width: 100%;&quot;&gt;&lt;div style=&quot;position: relative; padding-bottom: 56.25%; padding-top: 0; height: 0;&quot;&gt;&lt;iframe frameborder=&quot;0&quot; width=&quot;1200px&quot; height=&quot;675px&quot; style=&quot;position: absolute; top: 0; left: 0; width: 100%; height: 100%;&quot; src=&quot;https:\/\/view.genial.ly\/5e38522e5cd3b056b0b21a19&quot; type=&quot;text\/html&quot; allowscriptaccess=&quot;always&quot; allowfullscreen=&quot;true&quot; scrolling=&quot;yes&quot; allownetworking=&quot;all&quot;&gt;&lt;\/iframe&gt; &lt;\/div&gt; &lt;\/div&gt;<\/pre>\n<p>[\/et_pb_text][\/et_pb_column][\/et_pb_row][et_pb_row _builder_version=\u00bb4.9.10&#8243; _module_preset=\u00bbdefault\u00bb][et_pb_column _builder_version=\u00bb4.9.10&#8243; _module_preset=\u00bbdefault\u00bb type=\u00bb4_4&#8243;][et_pb_text _builder_version=\u00bb4.9.10&#8243; _module_preset=\u00bbdefault\u00bb hover_enabled=\u00bb0&#8243; sticky_enabled=\u00bb0&#8243;]<\/p>\n<p><strong>Referencias:<\/strong><\/p>\n<ul>\n<li>Garc\u00eda Aretio, L. (2014) Bases Mediaciones y futuro de la Educaci\u00f3n a Distancia en la sociedad digital. Madrid: S\u00edntesis.<\/li>\n<li>Y.Giner, Ma J. Muriel, F.J. Toledano. De la tutor\u00eda presencial a la virtual: la evoluci\u00f3n de proceso de tutorizaci\u00f3n. Revista de Docencia Universitaria, Vol.11 (2) Mayo-Agosto, 2013<\/li>\n<li>P\u00e9rez, M. del S. (2009). La comunicaci\u00f3n y la interacci\u00f3n en contextos virtuales de aprendizaje. Apretura, 1(1).\u00a0http:\/\/www.redalyc.org\/articulo.oa?id=68820815003<\/li>\n<\/ul>\n<p>[\/et_pb_text][\/et_pb_column][\/et_pb_row][\/et_pb_section]<\/p>\n","protected":false},"excerpt":{"rendered":"<p>Entre las habilidades necesarias con que debe contar un docente o tutor virtual est\u00e1n las relacionadas con la comunicaci\u00f3n a trav\u00e9s de ambientes virtuales para realizar un proceso de tutorizaci\u00f3n adecuado.\u200b<\/p>\n","protected":false},"author":13,"featured_media":5050,"comment_status":"open","ping_status":"open","sticky":false,"template":"","format":"standard","meta":{"_et_pb_use_builder":"on","_et_pb_old_content":"<!-- wp:paragraph -->\n<p><strong>Maestr\u00eda: MGAV<\/strong><\/p>\n<!-- \/wp:paragraph -->\n\n<!-- wp:paragraph -->\n<p><strong>Asignatura:<\/strong> Tutor\u00eda en el elearning<\/p>\n<!-- \/wp:paragraph -->\n\n<!-- wp:paragraph -->\n<p><strong>Nombre del recurso:&nbsp;<\/strong>Habilidades comunicativas en l\u00ednea<\/p>\n<!-- \/wp:paragraph -->\n\n<!-- wp:paragraph -->\n<p><strong>Palabras Claves:&nbsp;<\/strong>Habilidades comunicativas en l\u00ednea, educaci\u00f3n virtual, estilo Cort\u00e9s, capacidad de mantener el ritmo, responder r\u00e1pido los mensajes<\/p>\n<!-- \/wp:paragraph -->\n\n<!-- wp:paragraph -->\n<p><strong>Descripci\u00f3n:<\/strong>&nbsp;Entre las habilidades necesarias con que debe contar un docente o tutor virtual est\u00e1n las relacionadas con la comunicaci\u00f3n a trav\u00e9s de ambientes virtuales para realizar un proceso de tutorizaci\u00f3n adecuado.\u200b<\/p>\n<!-- \/wp:paragraph -->\n\n<!-- wp:embed {\"url\":\" https:\/\/view.genial.ly\/5e38522e5cd3b056b0b21a19\/presentation-6-tutoria-en-el-elearning-m2-habilidades-comunicativas-en-linea\",\"type\":\"wp-embed\",\"providerNameSlug\":\"genially\",\"className\":\"\"} -->\n<figure class=\"wp-block-embed is-type-wp-embed is-provider-genially wp-block-embed-genially\"><div class=\"wp-block-embed__wrapper\">\n https:\/\/view.genial.ly\/5e38522e5cd3b056b0b21a19\/presentation-6-tutoria-en-el-elearning-m2-habilidades-comunicativas-en-linea\n<\/div><\/figure>\n<!-- \/wp:embed -->\n\n<!-- wp:paragraph -->\n<p><strong>Ifarme<\/strong>:&nbsp;&lt;div style=\"width: 100%;\"&gt;&lt;div style=\"position: relative; padding-bottom: 56.25%; padding-top: 0; height: 0;\"&gt;&lt;iframe frameborder=\"0\" width=\"1200px\" height=\"675px\" style=\"position: absolute; top: 0; left: 0; width: 100%; height: 100%;\" src=\"https:\/\/view.genial.ly\/5e38522e5cd3b056b0b21a19\" type=\"text\/html\" allowscriptaccess=\"always\" allowfullscreen=\"true\" scrolling=\"yes\" allownetworking=\"all\"&gt;&lt;\/iframe&gt; &lt;\/div&gt; &lt;\/div&gt;<\/p>\n<!-- \/wp:paragraph -->\n\n<!-- wp:paragraph -->\n<p><strong>Referencias:<\/strong><\/p>\n<!-- \/wp:paragraph -->\n\n<!-- wp:list -->\n<ul><li>Garc\u00eda Aretio, L. (2014) Bases Mediaciones y futuro de la Educaci\u00f3n a Distancia en la sociedad digital. Madrid: S\u00edntesis.<\/li><li>Y.Giner, Ma J. Muriel, F.J. Toledano. De la tutor\u00eda presencial a la virtual: la evoluci\u00f3n de proceso de tutorizaci\u00f3n. Revista de Docencia Universitaria, Vol.11 (2) Mayo-Agosto, 2013<\/li><li>P\u00e9rez, M. del S. (2009). La comunicaci\u00f3n y la interacci\u00f3n en contextos virtuales de aprendizaje. Apretura, 1(1).&nbsp;<a href=\"http:\/\/www.redalyc.org\/articulo.oa?id=68820815003\">http:\/\/www.redalyc.org\/articulo.oa?id=68820815003<\/a><\/li><\/ul>\n<!-- \/wp:list -->","_et_gb_content_width":"","inline_featured_image":false,"footnotes":""},"categories":[2158,387],"tags":[1942,246,1943,1944,1945],"_links":{"self":[{"href":"https:\/\/puceapex.puce.edu.ec\/web\/cev\/wp-json\/wp\/v2\/posts\/1122"}],"collection":[{"href":"https:\/\/puceapex.puce.edu.ec\/web\/cev\/wp-json\/wp\/v2\/posts"}],"about":[{"href":"https:\/\/puceapex.puce.edu.ec\/web\/cev\/wp-json\/wp\/v2\/types\/post"}],"author":[{"embeddable":true,"href":"https:\/\/puceapex.puce.edu.ec\/web\/cev\/wp-json\/wp\/v2\/users\/13"}],"replies":[{"embeddable":true,"href":"https:\/\/puceapex.puce.edu.ec\/web\/cev\/wp-json\/wp\/v2\/comments?post=1122"}],"version-history":[{"count":2,"href":"https:\/\/puceapex.puce.edu.ec\/web\/cev\/wp-json\/wp\/v2\/posts\/1122\/revisions"}],"predecessor-version":[{"id":7463,"href":"https:\/\/puceapex.puce.edu.ec\/web\/cev\/wp-json\/wp\/v2\/posts\/1122\/revisions\/7463"}],"wp:featuredmedia":[{"embeddable":true,"href":"https:\/\/puceapex.puce.edu.ec\/web\/cev\/wp-json\/wp\/v2\/media\/5050"}],"wp:attachment":[{"href":"https:\/\/puceapex.puce.edu.ec\/web\/cev\/wp-json\/wp\/v2\/media?parent=1122"}],"wp:term":[{"taxonomy":"category","embeddable":true,"href":"https:\/\/puceapex.puce.edu.ec\/web\/cev\/wp-json\/wp\/v2\/categories?post=1122"},{"taxonomy":"post_tag","embeddable":true,"href":"https:\/\/puceapex.puce.edu.ec\/web\/cev\/wp-json\/wp\/v2\/tags?post=1122"}],"curies":[{"name":"wp","href":"https:\/\/api.w.org\/{rel}","templated":true}]}}