{"id":10752,"date":"2021-09-27T16:54:26","date_gmt":"2021-09-27T16:54:26","guid":{"rendered":"https:\/\/puceapex.puce.edu.ec\/web\/cev\/?p=10752"},"modified":"2021-09-28T22:42:10","modified_gmt":"2021-09-28T22:42:10","slug":"presentacion-de-caso-para-diagnostico-diferencial-trastorno-en-veterano-de-guerra%e2%80%8b","status":"publish","type":"post","link":"https:\/\/puceapex.puce.edu.ec\/web\/cev\/presentacion-de-caso-para-diagnostico-diferencial-trastorno-en-veterano-de-guerra%e2%80%8b\/","title":{"rendered":"Presentaci\u00f3n de Caso para Diagn\u00f3stico Diferencial: Trastorno en Veterano de Guerra\u200b"},"content":{"rendered":"<p>[et_pb_section fb_built=\u00bb1&#8243; admin_label=\u00bbsection\u00bb _builder_version=\u00bb3.22&#8243; da_disable_devices=\u00bboff|off|off\u00bb da_is_popup=\u00bboff\u00bb da_exit_intent=\u00bboff\u00bb da_has_close=\u00bbon\u00bb da_alt_close=\u00bboff\u00bb da_dark_close=\u00bboff\u00bb da_not_modal=\u00bbon\u00bb da_is_singular=\u00bboff\u00bb da_with_loader=\u00bboff\u00bb da_has_shadow=\u00bbon\u00bb][et_pb_row admin_label=\u00bbrow\u00bb _builder_version=\u00bb3.25&#8243; background_size=\u00bbinitial\u00bb background_position=\u00bbtop_left\u00bb background_repeat=\u00bbrepeat\u00bb][et_pb_column type=\u00bb4_4&#8243; _builder_version=\u00bb3.25&#8243; custom_padding=\u00bb|||\u00bb custom_padding__hover=\u00bb|||\u00bb][et_pb_code _builder_version=\u00bb4.9.10&#8243; _module_preset=\u00bbdefault\u00bb]<code><\/p>\n<div style=\"width: 100%;\">\n<div style=\"position: relative; padding-bottom: 56.25%; padding-top: 0; height: 0;\"><iframe loading=\"lazy\" frameborder=\"0\" width=\"1200\" height=\"675\" style=\"position: absolute; top: 0; left: 0; width: 100%; height: 100%;\" src=\"https:\/\/view.genial.ly\/5f4184a91461f80d887db411\" type=\"text\/html\" allowscriptaccess=\"always\" allowfullscreen=\"true\" scrolling=\"yes\" allownetworking=\"all\"><\/iframe> <\/div>\n<\/p><\/div>\n<p><\/code>[\/et_pb_code][et_pb_text admin_label=\u00bbText\u00bb _builder_version=\u00bb4.9.10&#8243; background_size=\u00bbinitial\u00bb background_position=\u00bbtop_left\u00bb background_repeat=\u00bbrepeat\u00bb custom_padding=\u00bb||2px|||\u00bb]<\/p>\n<p><b>Facultad:<\/b> Psicolog\u00eda<br \/><b>Maestr\u00eda:<\/b> <span>Maestr\u00eda en Psicolog\u00eda Forense y Peritaje Psicol\u00f3gico<\/span><br \/><b>Materia: <\/b>Metodolog\u00eda de la Investigaci\u00f3n<\/p>\n<p><b>Presentaci\u00f3n de Caso para Diagn\u00f3stico Diferencial: Trastorno en Veterano de Guerra\u200b<\/b><\/p>\n<p><b>Introducci\u00f3n<\/b><\/p>\n<ul>\n<li><span>Repres\u00e9ntese que tiene que realizar el estudio de caso forense de J.A., 43 a\u00f1os de edad\u200b<\/span><\/li>\n<li><span>Sus puntos de pericia son los siguientes: \u200b<\/span><\/li>\n<li><span>A) eval\u00fae si J.A. padece trastorno mental\u200b<\/span><\/li>\n<li><span>B) informe si necesita tratamiento en su salud mental\u200b<\/span><\/li>\n<li><span>Repres\u00e9ntese que J.A. se encuentra actualmente internado en hospital perteneciente a la Armada y que est\u00e1 procesado por haber cometido un delito. A\u00fan no se realiz\u00f3 el juicio. Su caso est\u00e1 en etapa de proceso e investigaci\u00f3n en el fuero en lo criminal.\u200b<\/span><\/li>\n<li><span>Ud. lo va a evaluar al lugar de internaci\u00f3n<\/span><\/li>\n<\/ul>\n<p>[\/et_pb_text][\/et_pb_column][\/et_pb_row][et_pb_row _builder_version=\u00bb4.9.10&#8243; _module_preset=\u00bbdefault\u00bb min_height=\u00bb182px\u00bb][et_pb_column type=\u00bb4_4&#8243; _builder_version=\u00bb4.9.10&#8243; _module_preset=\u00bbdefault\u00bb][et_pb_text _builder_version=\u00bb4.9.10&#8243; _module_preset=\u00bbdefault\u00bb]<strong>C\u00f3digo iFrame<\/strong><\/p>\n<pre class=\"brush: php; title: ; notranslate\" title=\"\">\n&lt;div style=&quot;width: 100%;&quot;&gt;&lt;div style=&quot;position: relative; padding-bottom: 56.25%; padding-top: 0; height: 0;&quot;&gt;&lt;iframe frameborder=&quot;0&quot; width=&quot;1200px&quot; height=&quot;675px&quot; style=&quot;position: absolute; top: 0; left: 0; width: 100%; height: 100%;&quot; src=&quot;https:\/\/view.genial.ly\/5f4184a91461f80d887db411&quot; type=&quot;text\/html&quot; allowscriptaccess=&quot;always&quot; allowfullscreen=&quot;true&quot; scrolling=&quot;yes&quot; allownetworking=&quot;all&quot;&gt;&lt;\/iframe&gt; &lt;\/div&gt; &lt;\/div&gt;\n<\/pre>\n<p>[\/et_pb_text][\/et_pb_column][\/et_pb_row][\/et_pb_section]<\/p>\n","protected":false},"excerpt":{"rendered":"<p>Facultad: Psicolog\u00edaMaestr\u00eda: Maestr\u00eda en Psicolog\u00eda Forense y Peritaje Psicol\u00f3gicoMateria: Metodolog\u00eda de la Investigaci\u00f3n Presentaci\u00f3n de Caso para Diagn\u00f3stico Diferencial: Trastorno en Veterano de Guerra\u200b Introducci\u00f3n Repres\u00e9ntese que tiene que realizar el estudio de caso forense de J.A., 43 a\u00f1os de edad\u200b Sus puntos de pericia son los siguientes: \u200b A) eval\u00fae si J.A. padece trastorno [&hellip;]<\/p>\n","protected":false},"author":13,"featured_media":10757,"comment_status":"closed","ping_status":"closed","sticky":false,"template":"","format":"standard","meta":{"_et_pb_use_builder":"on","_et_pb_old_content":"","_et_gb_content_width":"","inline_featured_image":false,"footnotes":""},"categories":[387,2168],"tags":[2587,887,2250,2586,2248,2588],"_links":{"self":[{"href":"https:\/\/puceapex.puce.edu.ec\/web\/cev\/wp-json\/wp\/v2\/posts\/10752"}],"collection":[{"href":"https:\/\/puceapex.puce.edu.ec\/web\/cev\/wp-json\/wp\/v2\/posts"}],"about":[{"href":"https:\/\/puceapex.puce.edu.ec\/web\/cev\/wp-json\/wp\/v2\/types\/post"}],"author":[{"embeddable":true,"href":"https:\/\/puceapex.puce.edu.ec\/web\/cev\/wp-json\/wp\/v2\/users\/13"}],"replies":[{"embeddable":true,"href":"https:\/\/puceapex.puce.edu.ec\/web\/cev\/wp-json\/wp\/v2\/comments?post=10752"}],"version-history":[{"count":8,"href":"https:\/\/puceapex.puce.edu.ec\/web\/cev\/wp-json\/wp\/v2\/posts\/10752\/revisions"}],"predecessor-version":[{"id":11202,"href":"https:\/\/puceapex.puce.edu.ec\/web\/cev\/wp-json\/wp\/v2\/posts\/10752\/revisions\/11202"}],"wp:featuredmedia":[{"embeddable":true,"href":"https:\/\/puceapex.puce.edu.ec\/web\/cev\/wp-json\/wp\/v2\/media\/10757"}],"wp:attachment":[{"href":"https:\/\/puceapex.puce.edu.ec\/web\/cev\/wp-json\/wp\/v2\/media?parent=10752"}],"wp:term":[{"taxonomy":"category","embeddable":true,"href":"https:\/\/puceapex.puce.edu.ec\/web\/cev\/wp-json\/wp\/v2\/categories?post=10752"},{"taxonomy":"post_tag","embeddable":true,"href":"https:\/\/puceapex.puce.edu.ec\/web\/cev\/wp-json\/wp\/v2\/tags?post=10752"}],"curies":[{"name":"wp","href":"https:\/\/api.w.org\/{rel}","templated":true}]}}